{"id":2999,"date":"2018-05-24T09:53:26","date_gmt":"2018-05-24T09:53:26","guid":{"rendered":"http:\/\/www.esev.ipv.pt\/dacomunicacao\/?p=2999"},"modified":"2018-05-24T09:53:26","modified_gmt":"2018-05-24T09:53:26","slug":"os-indios-venceram-torneio-de-futebol","status":"publish","type":"post","link":"https:\/\/www1.esev.ipv.pt\/dacomunicacao\/?p=2999","title":{"rendered":"&#8220;Os \u00cdndios&#8221; venceram torneio de futebol"},"content":{"rendered":"<p><em><strong>No passado dia 13, na associa\u00e7\u00e3o cultural e recreativa de Lourosa de Baixo, aldeia pertencente \u00e0 freguesia de S. Jo\u00e3o de Lourosa, Viseu, organizou mais um evento no \u00e2mbito das festas do S. Mac\u00e1rio, que contou com a participa\u00e7\u00e3o tanto dos mais jovens como dos mais gra\u00fados.<\/strong><\/em><\/p>\n<p>Depois de v\u00e1rias iniciativas, tais como, jantares, caminhadas, trails, concentra\u00e7\u00f5es de mota, a associa\u00e7\u00e3o de Lourosa de Baixo realizou outra iniciativa de \u00e2mbito desportivo. Desta vez teve lugar um torneio de futebol para todas as idades, que decorreu no campo da G\u00e2ndara. Neste torneio, que decorreu o dia todo, participaram cerca de dezasseis esquipas, cada uma constitu\u00edda por cinco elementos. Destas dezasseis equipas, seis eram constitu\u00eddas por crian\u00e7as, sendo que as restantes eram constitu\u00eddas por adultos.<\/p>\n<p>\u201cN\u00f3s tentamos organizar este tipo de eventos com regularidade, pois apesar do imenso trabalho e esfor\u00e7o que n\u00f3s, mordomos da festa de 2018, temos, gostamos de reunir e ver que as pessoas gostam daquilo que estamos a fazer\u201d, explica Jos\u00e9 Ferreira, um dos respons\u00e1veis pela organiza\u00e7\u00e3o da festa. Participar nestes eventos tem alguns custos e Jos\u00e9 Ferreira justifica: \u201cestes conv\u00edvios s\u00e3o feitos principalmente para a realiza\u00e7\u00e3o da festa do S. Mac\u00e1rio, que acontece no m\u00eas de julho, e para que as pessoas se possam divertir, mas para isso h\u00e1 sempre um pequeno custo, uma pequena contribui\u00e7\u00e3o para podermos ent\u00e3o realizar a tradicional festa\u201d<\/p>\n<p>Rui Costa, jogador da equipa vencedora do torneio, &#8220;Os \u00cdndios&#8221;, e ass\u00edduo participante nas diversas atividades j\u00e1 realizadas,\u00a0considera que\u00a0\u201cos mordomos deste ano est\u00e3o a fazer um excelente trabalho&#8221; na aldeia. &#8220;N\u00e3o me lembro de haver um ano em que fizessem tanto. E n\u00e3o sou o \u00fanico a dizer isso, toda a gente \u00e9 da mesma opini\u00e3o. Espero mesmo que isto continue porque para al\u00e9m de nos divertirmos, ainda convivemos todos uns com os outros&#8221;, remata.<\/p>\n<p>A associa\u00e7\u00e3o tem j\u00e1 em mente outra caminha e trail no dia 8 de junho, que conta j\u00e1 com 50 inscritos.<\/p>\n<p>&nbsp;<\/p>\n<p><strong>Texto e imagem: Alexandre Ferreira<\/strong><\/p>\n","protected":false},"excerpt":{"rendered":"<p>No passado dia 13, na associa\u00e7\u00e3o cultural e recreativa de Lourosa de Baixo, aldeia pertencente \u00e0 freguesia de S. Jo\u00e3o<\/p>\n","protected":false},"author":4,"featured_media":3000,"comment_status":"open","ping_status":"open","sticky":false,"template":"","format":"standard","meta":[],"categories":[13],"tags":[],"_links":{"self":[{"href":"https:\/\/www1.esev.ipv.pt\/dacomunicacao\/index.php?rest_route=\/wp\/v2\/posts\/2999"}],"collection":[{"href":"https:\/\/www1.esev.ipv.pt\/dacomunicacao\/index.php?rest_route=\/wp\/v2\/posts"}],"about":[{"href":"https:\/\/www1.esev.ipv.pt\/dacomunicacao\/index.php?rest_route=\/wp\/v2\/types\/post"}],"author":[{"embeddable":true,"href":"https:\/\/www1.esev.ipv.pt\/dacomunicacao\/index.php?rest_route=\/wp\/v2\/users\/4"}],"replies":[{"embeddable":true,"href":"https:\/\/www1.esev.ipv.pt\/dacomunicacao\/index.php?rest_route=%2Fwp%2Fv2%2Fcomments&post=2999"}],"version-history":[{"count":3,"href":"https:\/\/www1.esev.ipv.pt\/dacomunicacao\/index.php?rest_route=\/wp\/v2\/posts\/2999\/revisions"}],"predecessor-version":[{"id":3108,"href":"https:\/\/www1.esev.ipv.pt\/dacomunicacao\/index.php?rest_route=\/wp\/v2\/posts\/2999\/revisions\/3108"}],"wp:featuredmedia":[{"embeddable":true,"href":"https:\/\/www1.esev.ipv.pt\/dacomunicacao\/index.php?rest_route=\/wp\/v2\/media\/3000"}],"wp:attachment":[{"href":"https:\/\/www1.esev.ipv.pt\/dacomunicacao\/index.php?rest_route=%2Fwp%2Fv2%2Fmedia&parent=2999"}],"wp:term":[{"taxonomy":"category","embeddable":true,"href":"https:\/\/www1.esev.ipv.pt\/dacomunicacao\/index.php?rest_route=%2Fwp%2Fv2%2Fcategories&post=2999"},{"taxonomy":"post_tag","embeddable":true,"href":"https:\/\/www1.esev.ipv.pt\/dacomunicacao\/index.php?rest_route=%2Fwp%2Fv2%2Ftags&post=2999"}],"curies":[{"name":"wp","href":"https:\/\/api.w.org\/{rel}","templated":true}]}}