{"id":2837,"date":"2018-04-24T11:39:12","date_gmt":"2018-04-24T11:39:12","guid":{"rendered":"http:\/\/www.esev.ipv.pt\/dacomunicacao\/?p=2837"},"modified":"2018-04-24T11:39:12","modified_gmt":"2018-04-24T11:39:12","slug":"polo-arqueologico-de-viseu-implementado-ate-2019","status":"publish","type":"post","link":"https:\/\/www1.esev.ipv.pt\/dacomunicacao\/?p=2837","title":{"rendered":"Polo Arqueol\u00f3gico de Viseu implementado at\u00e9 2019"},"content":{"rendered":"<p><em><strong>O Munic\u00edpio de Viseu anunciou na quarta-feira, 18 de abril, a constru\u00e7\u00e3o de um polo arqueol\u00f3gico na Casa do Miradouro, em Viseu. No polo funcionar\u00e1 uma Reserva Arqueol\u00f3gica Municipal composta por 94 contentores de achados arqueol\u00f3gicos, recebidos pela autarquia no passado m\u00eas de mar\u00e7o, e pelo esp\u00f3lio da Cole\u00e7\u00e3o Arqueol\u00f3gica Jos\u00e9 Coelho.<\/strong><\/em><\/p>\n<p>Almeida Henriques, presidente da autarquia, explicou que o centro arqueol\u00f3gico \u201cdever\u00e1 estar organizado, regulamentado e reconhecido at\u00e9 ao final de mar\u00e7o de 2019\u201d e que se pretende \u201crestituir a voca\u00e7\u00e3o hist\u00f3rica \u00e0 Casa do Miradouro, destinando-a integralmente para fins culturais\u201d. O vereador da Cultura e Patrim\u00f3nio, Jorge Sobrado, considera que \u201co P\u00f3lo Arqueol\u00f3gico \u00e9 um desafio irresist\u00edvel numa cidade hist\u00f3rica t\u00e3o relevante como Viseu\u201d. Os principais objetivos do centro ser\u00e3o \u201creunir os valores arqueol\u00f3gicos do concelho, que se encontram atualmente muito dispersos, e promover a sua salvaguarda, gest\u00e3o, investiga\u00e7\u00e3o e valoriza\u00e7\u00e3o p\u00fablica, nomeadamente na oferta cultural e tur\u00edstica\u201d, explica Jorge Sobrado.<\/p>\n<p>O an\u00fancio p\u00fablico no Dia Internacional do Monumentos e S\u00edtios passou ao lado dos viseenses. Apesar disso, as duas entrevistadas pelo #dacomunica\u00e7\u00e3o percebem a import\u00e2ncia que o polo ter\u00e1 para a cidade.<\/p>\n<p>Catarina Gouveia considera que \u201c\u00e9 sempre relevante e importante\u201d a cidade apostar na cultura local e reconhece que \u201cvai atrair muita mais gente, principalmente turistas\u201d. Al\u00e9m disto, \u201cuma vez que Viseu tem poucos museus, os que existem perdem algum interesse para os viseenses por serem constantemente visitados e, por isso, algo novo ir\u00e1 trazer outra vida \u00e0 arte e cultura\u201d, acrescenta.<\/p>\n<p>Afirmando que gostava de visitar o polo arqueol\u00f3gico, \u00c1gueda Granja, estudante em Viseu, considera que \u201cmuitas pessoas visitam um museu por ser moda, mesmo n\u00e3o percebendo nada de hist\u00f3ria e arte e com o polo vai acontecer o mesmo\u201d. A jovem reconhece que \u201cvai haver pessoas que ir\u00e3o visitar o centro por terem interesse no tema, outras por ser uma novidade e outras por ser moda, mas que o que interessa \u00e9 trazer dinamismo \u00e0 cidade\u201d.<\/p>\n<p>Desde o in\u00edcio do m\u00eas que a Casa do Miradouro apresenta uma exposi\u00e7\u00e3o tempor\u00e1ria \u201cDr. Jos\u00e9 Coelho: A Paix\u00e3o pelo Passado\u201d que far\u00e1 tamb\u00e9m parte do polo arqueol\u00f3gico de Viseu. A mostra pode ser visitada de ter\u00e7a a domingo entre as 10h00 e 12h00 e as 14h00 e as 17h00.<\/p>\n<p>&nbsp;<\/p>\n<p>&nbsp;<\/p>\n<p><strong>Texto e imagem:\u00a0Alexandre Ribeiro\u00a0e Rafaela Sousa<\/strong><\/p>\n<p>&nbsp;<\/p>\n","protected":false},"excerpt":{"rendered":"<p>O Munic\u00edpio de Viseu anunciou na quarta-feira, 18 de abril, a constru\u00e7\u00e3o de um polo arqueol\u00f3gico na Casa do Miradouro,<\/p>\n","protected":false},"author":4,"featured_media":2838,"comment_status":"open","ping_status":"open","sticky":false,"template":"","format":"standard","meta":[],"categories":[15,462],"tags":[887,886,76],"_links":{"self":[{"href":"https:\/\/www1.esev.ipv.pt\/dacomunicacao\/index.php?rest_route=\/wp\/v2\/posts\/2837"}],"collection":[{"href":"https:\/\/www1.esev.ipv.pt\/dacomunicacao\/index.php?rest_route=\/wp\/v2\/posts"}],"about":[{"href":"https:\/\/www1.esev.ipv.pt\/dacomunicacao\/index.php?rest_route=\/wp\/v2\/types\/post"}],"author":[{"embeddable":true,"href":"https:\/\/www1.esev.ipv.pt\/dacomunicacao\/index.php?rest_route=\/wp\/v2\/users\/4"}],"replies":[{"embeddable":true,"href":"https:\/\/www1.esev.ipv.pt\/dacomunicacao\/index.php?rest_route=%2Fwp%2Fv2%2Fcomments&post=2837"}],"version-history":[{"count":1,"href":"https:\/\/www1.esev.ipv.pt\/dacomunicacao\/index.php?rest_route=\/wp\/v2\/posts\/2837\/revisions"}],"predecessor-version":[{"id":2839,"href":"https:\/\/www1.esev.ipv.pt\/dacomunicacao\/index.php?rest_route=\/wp\/v2\/posts\/2837\/revisions\/2839"}],"wp:featuredmedia":[{"embeddable":true,"href":"https:\/\/www1.esev.ipv.pt\/dacomunicacao\/index.php?rest_route=\/wp\/v2\/media\/2838"}],"wp:attachment":[{"href":"https:\/\/www1.esev.ipv.pt\/dacomunicacao\/index.php?rest_route=%2Fwp%2Fv2%2Fmedia&parent=2837"}],"wp:term":[{"taxonomy":"category","embeddable":true,"href":"https:\/\/www1.esev.ipv.pt\/dacomunicacao\/index.php?rest_route=%2Fwp%2Fv2%2Fcategories&post=2837"},{"taxonomy":"post_tag","embeddable":true,"href":"https:\/\/www1.esev.ipv.pt\/dacomunicacao\/index.php?rest_route=%2Fwp%2Fv2%2Ftags&post=2837"}],"curies":[{"name":"wp","href":"https:\/\/api.w.org\/{rel}","templated":true}]}}