{"id":2827,"date":"2018-04-23T13:31:37","date_gmt":"2018-04-23T13:31:37","guid":{"rendered":"http:\/\/www.esev.ipv.pt\/dacomunicacao\/?p=2827"},"modified":"2018-04-23T13:33:26","modified_gmt":"2018-04-23T13:33:26","slug":"2827","status":"publish","type":"post","link":"https:\/\/www1.esev.ipv.pt\/dacomunicacao\/?p=2827","title":{"rendered":"Primeiro pr\u00e9mio para estudo desenvolvido por docentes do IPV"},"content":{"rendered":"<p align=\"justify\"><em><strong>O estudo &#8220;Nursing Practices in Breastfeeding Promotion | Pr\u00e1ticas das Enfermeiras na Promo\u00e7\u00e3o do Aleitamento Materno&#8221; obteve o primeiro pr\u00e9mio na categoria de Poster na prestigiada confer\u00eancia internacional, organizado pela Medela AG, &#8220;13th International Breastfeeding and Lactation Symposium&#8221;. O evento, que decorreu em Paris, contou com mais de 600 participantes oriundos de v\u00e1rios pa\u00edses do mundo.<\/strong><\/em><\/p>\n<p align=\"justify\">O estudo foi realizado no \u00e2mbito do Curso de Mestrado em Enfermagem de Sa\u00fade Infantil e Pediatria da Escola Superior de Sa\u00fade (ESSV) do Instituto Polit\u00e9cnico de Viseu (IPV), por Alice Martins, enfermeira especialista de enfermagem pedi\u00e1trica do CHBV \u2013 Aveiro, sob a orienta\u00e7\u00e3o da professora Ernestina Silva, docente e coordenadora da Unidade Cient\u00edfico Pedag\u00f3gica de Enfermagem da Crian\u00e7a e do Adolescente na ESSV, que foi a autora e apresentadora do poster na confer\u00eancia internacional. O trabalho apresentado a concurso teve ainda a participa\u00e7\u00e3o de outros co-autores, os professores Daniel Silva e Isabel Bica docentes da ESSV, e a enfermeira Manuela Bento do CHTV \u2013 Viseu.<\/p>\n<p align=\"justify\">O objetivo do estudo foi identificar as pr\u00e1ticas dos enfermeiros na promo\u00e7\u00e3o do aleitamento materno no per\u00edodo neonatal. Consistiu num estudo quantitativo, transversal, descritivo-correlacional, numa amostra n\u00e3o probabil\u00edstica por conveni\u00eancia de 76 enfermeiras dos servi\u00e7os de Pediatria, NICU, Obstetr\u00edcia e Urg\u00eancia Pedi\u00e1trica.<\/p>\n<p align=\"justify\">Utilizou-se um question\u00e1rio de autopreenchimento e assente nas recomenda\u00e7\u00f5es do Observat\u00f3rio do Aleitamento Materno (Dire\u00e7\u00e3o Geral de Sa\u00fade, 2012) e no Manual do Aleitamento Materno (Levy &amp; B\u00e9rtolo, 2012).<\/p>\n<p align=\"justify\">Como principais conclus\u00f5es destaca-se a import\u00e2ncia das enfermeiras tomarem consci\u00eancia das lacunas existentes nas pr\u00e1ticas de incentivo, promo\u00e7\u00e3o, prote\u00e7\u00e3o e apoio ao AM, bem como melhorar a confian\u00e7a\/comunica\u00e7\u00e3o que estabelecem com a m\u00e3e. \u00c9 importante refor\u00e7ar as estrat\u00e9gicas que se revertam na melhoria da qualidade de cuidados, tais como a implementa\u00e7\u00e3o de programas de forma\u00e7\u00e3o cont\u00ednua dos enfermeiros, reflex\u00e3o em equipa e implementa\u00e7\u00e3o de guias de boas pr\u00e1ticas.<\/p>\n<p align=\"justify\">\n","protected":false},"excerpt":{"rendered":"<p>O estudo &#8220;Nursing Practices in Breastfeeding Promotion | Pr\u00e1ticas das Enfermeiras na Promo\u00e7\u00e3o do Aleitamento Materno&#8221; obteve o primeiro pr\u00e9mio<\/p>\n","protected":false},"author":4,"featured_media":2828,"comment_status":"open","ping_status":"open","sticky":false,"template":"","format":"standard","meta":[],"categories":[11],"tags":[883,681,734,882,880,881,39],"_links":{"self":[{"href":"https:\/\/www1.esev.ipv.pt\/dacomunicacao\/index.php?rest_route=\/wp\/v2\/posts\/2827"}],"collection":[{"href":"https:\/\/www1.esev.ipv.pt\/dacomunicacao\/index.php?rest_route=\/wp\/v2\/posts"}],"about":[{"href":"https:\/\/www1.esev.ipv.pt\/dacomunicacao\/index.php?rest_route=\/wp\/v2\/types\/post"}],"author":[{"embeddable":true,"href":"https:\/\/www1.esev.ipv.pt\/dacomunicacao\/index.php?rest_route=\/wp\/v2\/users\/4"}],"replies":[{"embeddable":true,"href":"https:\/\/www1.esev.ipv.pt\/dacomunicacao\/index.php?rest_route=%2Fwp%2Fv2%2Fcomments&post=2827"}],"version-history":[{"count":3,"href":"https:\/\/www1.esev.ipv.pt\/dacomunicacao\/index.php?rest_route=\/wp\/v2\/posts\/2827\/revisions"}],"predecessor-version":[{"id":2831,"href":"https:\/\/www1.esev.ipv.pt\/dacomunicacao\/index.php?rest_route=\/wp\/v2\/posts\/2827\/revisions\/2831"}],"wp:featuredmedia":[{"embeddable":true,"href":"https:\/\/www1.esev.ipv.pt\/dacomunicacao\/index.php?rest_route=\/wp\/v2\/media\/2828"}],"wp:attachment":[{"href":"https:\/\/www1.esev.ipv.pt\/dacomunicacao\/index.php?rest_route=%2Fwp%2Fv2%2Fmedia&parent=2827"}],"wp:term":[{"taxonomy":"category","embeddable":true,"href":"https:\/\/www1.esev.ipv.pt\/dacomunicacao\/index.php?rest_route=%2Fwp%2Fv2%2Fcategories&post=2827"},{"taxonomy":"post_tag","embeddable":true,"href":"https:\/\/www1.esev.ipv.pt\/dacomunicacao\/index.php?rest_route=%2Fwp%2Fv2%2Ftags&post=2827"}],"curies":[{"name":"wp","href":"https:\/\/api.w.org\/{rel}","templated":true}]}}