{"id":2762,"date":"2018-04-12T11:46:55","date_gmt":"2018-04-12T11:46:55","guid":{"rendered":"http:\/\/www.esev.ipv.pt\/dacomunicacao\/?p=2762"},"modified":"2018-04-12T11:47:38","modified_gmt":"2018-04-12T11:47:38","slug":"visita-pascal","status":"publish","type":"post","link":"https:\/\/www1.esev.ipv.pt\/dacomunicacao\/?p=2762","title":{"rendered":"Visita pascal, futebol e conv\u00edvio em S\u00e3o Jo\u00e3o de Lourosa"},"content":{"rendered":"<p><em><strong>No passado dia 2 de abril, celebrou-se a p\u00e1scoa na freguesia de S. Jo\u00e3o de Lourosa, mantendo como tradi\u00e7\u00e3o a visita pascal a casa das aldeias pr\u00f3ximas.\u00a0<\/strong><\/em><\/p>\n<p>Tal como todos os anos, a p\u00e1scoa nesta freguesia \u00e9 celebrada com grande festa. Inicialmente \u00e9 celebrada uma missa para comemorar esta data e, no final, o padre desloca-se com a cruz at\u00e9 casa das pessoas que habitam nesta freguesia, para a chamada visita pascal. Durante esta visita \u00e9 tradi\u00e7\u00e3o, em algumas das aldeias que formam esta freguesia, nomeadamente Lourosa de Baixo, Lourosa de Cima e Oliveira de Barreiros, as pessoas andarem de casa em casa a beijar a cruz.<\/p>\n<p>A tradi\u00e7\u00e3o continua e todos os anos se realizam, no campo da G\u00e2ndara, jogos de futebol entre solteiros e casados, onde tanto mulheres como homens podem participar.\u00a0No final do jogo, e com o dinheiro que a igreja conseguiu juntar\u00a0durante\u00a0o pedit\u00f3rio, \u00e9 oferecido o jantar a todas as pessoas que participaram no jogo ou que ajudaram na realiza\u00e7\u00e3o do mesmo. Para terminar o dia, e pela primeira vez, foi contratado um grupo musical para, n\u00e3o s\u00f3 alegrar as pessoas, mas tamb\u00e9m para angariar dinheiro para a festa de S. Jo\u00e3o, que se realiza no inicio do Ver\u00e3o.<\/p>\n<p>Apesar do enorme trabalho, e de acordo com as pessoas que fazem parte desta freguesia, a tradi\u00e7\u00e3o n\u00e3o pode morrer, pois \u00e9 essencial que as pessoas que moram na mesma terra se conhe\u00e7am umas \u00e0s outras e para que este esp\u00edrito de uni\u00e3o que dera h\u00e1 j\u00e1 muitos anos\u00a0n\u00e3o acabe.<\/p>\n<p>&nbsp;<\/p>\n<p><strong>Texto e imagem:<\/strong>\u00a0<strong>Alexandre Ferreira <\/strong><\/p>\n","protected":false},"excerpt":{"rendered":"<p>No passado dia 2 de abril, celebrou-se a p\u00e1scoa na freguesia de S. Jo\u00e3o de Lourosa, mantendo como tradi\u00e7\u00e3o a<\/p>\n","protected":false},"author":4,"featured_media":2763,"comment_status":"open","ping_status":"open","sticky":false,"template":"","format":"standard","meta":[],"categories":[1,462],"tags":[838,874,76],"_links":{"self":[{"href":"https:\/\/www1.esev.ipv.pt\/dacomunicacao\/index.php?rest_route=\/wp\/v2\/posts\/2762"}],"collection":[{"href":"https:\/\/www1.esev.ipv.pt\/dacomunicacao\/index.php?rest_route=\/wp\/v2\/posts"}],"about":[{"href":"https:\/\/www1.esev.ipv.pt\/dacomunicacao\/index.php?rest_route=\/wp\/v2\/types\/post"}],"author":[{"embeddable":true,"href":"https:\/\/www1.esev.ipv.pt\/dacomunicacao\/index.php?rest_route=\/wp\/v2\/users\/4"}],"replies":[{"embeddable":true,"href":"https:\/\/www1.esev.ipv.pt\/dacomunicacao\/index.php?rest_route=%2Fwp%2Fv2%2Fcomments&post=2762"}],"version-history":[{"count":3,"href":"https:\/\/www1.esev.ipv.pt\/dacomunicacao\/index.php?rest_route=\/wp\/v2\/posts\/2762\/revisions"}],"predecessor-version":[{"id":2803,"href":"https:\/\/www1.esev.ipv.pt\/dacomunicacao\/index.php?rest_route=\/wp\/v2\/posts\/2762\/revisions\/2803"}],"wp:featuredmedia":[{"embeddable":true,"href":"https:\/\/www1.esev.ipv.pt\/dacomunicacao\/index.php?rest_route=\/wp\/v2\/media\/2763"}],"wp:attachment":[{"href":"https:\/\/www1.esev.ipv.pt\/dacomunicacao\/index.php?rest_route=%2Fwp%2Fv2%2Fmedia&parent=2762"}],"wp:term":[{"taxonomy":"category","embeddable":true,"href":"https:\/\/www1.esev.ipv.pt\/dacomunicacao\/index.php?rest_route=%2Fwp%2Fv2%2Fcategories&post=2762"},{"taxonomy":"post_tag","embeddable":true,"href":"https:\/\/www1.esev.ipv.pt\/dacomunicacao\/index.php?rest_route=%2Fwp%2Fv2%2Ftags&post=2762"}],"curies":[{"name":"wp","href":"https:\/\/api.w.org\/{rel}","templated":true}]}}