{"id":2743,"date":"2018-04-12T11:49:47","date_gmt":"2018-04-12T11:49:47","guid":{"rendered":"http:\/\/www.esev.ipv.pt\/dacomunicacao\/?p=2743"},"modified":"2018-04-12T11:49:47","modified_gmt":"2018-04-12T11:49:47","slug":"tradicao-e-para-manter-em-sao-miguel-do-mato","status":"publish","type":"post","link":"https:\/\/www1.esev.ipv.pt\/dacomunicacao\/?p=2743","title":{"rendered":"Tradi\u00e7\u00e3o \u00e9 para manter em S\u00e3o Miguel do Mato"},"content":{"rendered":"<p><em><strong>Em S\u00e3o Miguel do Mato a P\u00e1scoa continua a ser celebrada. Visita pascal \u00e9 feito pelo padre da freguesia, acompanhado dos ajudantes para passar de casa em casa e levar a cruz.<\/strong><\/em><\/p>\n<p>Segundo a\u00a0tradi\u00e7\u00e3o, em S\u00e3o Miguel do Mato, Vouzela, a P\u00e1scoa \u00e9 dividida em dois dias, sendo o primeiro dia o Domingo em que a zona sul da freguesia recebe a visita do padre e, na segunda-feira, a zona norte, itiner\u00e1rio que se mant\u00e9m h\u00e1 muitos anos.<\/p>\n<p>O padre \u00e9 assim acompanhado por mais tr\u00eas pessoas: o primeiro \u00e9 o que indica a chegada do padre trazendo consigo o sino, o segundo \u00e9 o que transporta a cruz e \u00e0 chegada das casas d\u00e1 ao representante de cada casa para assim a dar a beijar ao resto dos familiares e amigos, o terceiro \u00e9 o que recebe os envelopes com dinheiro que os habitantes d\u00e3o para a igreja.<\/p>\n<p>Durante a visita pascal, S\u00e3o Miguel do Mato, freguesia constitu\u00edda por v\u00e1rias aldeias, ganha mais vida. Como j\u00e1 \u00e9 habitual as pessoas destas aldeias juntam-se nas casas dos familiares e fazem uma esp\u00e9cie de prociss\u00e3o seguindo o p\u00e1roco de casa em casa e parando sempre em todas as casas.<\/p>\n<p>De ano para ano vai-se notando de alguma forma perda de habitantes e de aderentes a esta festividade, tendo reduzido progressivamente de forma vis\u00edvel numa freguesia em que a popula\u00e7\u00e3o mais envelhecida vai aumentando e a mais jovem vai diminuindo. Mas tradi\u00e7\u00e3o \u00e9 para se manter.<\/p>\n<p>&nbsp;<\/p>\n<p><strong>Texto e imagem: Lu\u00eds Moita<\/strong><\/p>\n","protected":false},"excerpt":{"rendered":"<p>Em S\u00e3o Miguel do Mato a P\u00e1scoa continua a ser celebrada. Visita pascal \u00e9 feito pelo padre da freguesia, acompanhado<\/p>\n","protected":false},"author":4,"featured_media":2792,"comment_status":"open","ping_status":"open","sticky":false,"template":"","format":"standard","meta":[],"categories":[1,462],"tags":[488,843,872],"_links":{"self":[{"href":"https:\/\/www1.esev.ipv.pt\/dacomunicacao\/index.php?rest_route=\/wp\/v2\/posts\/2743"}],"collection":[{"href":"https:\/\/www1.esev.ipv.pt\/dacomunicacao\/index.php?rest_route=\/wp\/v2\/posts"}],"about":[{"href":"https:\/\/www1.esev.ipv.pt\/dacomunicacao\/index.php?rest_route=\/wp\/v2\/types\/post"}],"author":[{"embeddable":true,"href":"https:\/\/www1.esev.ipv.pt\/dacomunicacao\/index.php?rest_route=\/wp\/v2\/users\/4"}],"replies":[{"embeddable":true,"href":"https:\/\/www1.esev.ipv.pt\/dacomunicacao\/index.php?rest_route=%2Fwp%2Fv2%2Fcomments&post=2743"}],"version-history":[{"count":3,"href":"https:\/\/www1.esev.ipv.pt\/dacomunicacao\/index.php?rest_route=\/wp\/v2\/posts\/2743\/revisions"}],"predecessor-version":[{"id":2804,"href":"https:\/\/www1.esev.ipv.pt\/dacomunicacao\/index.php?rest_route=\/wp\/v2\/posts\/2743\/revisions\/2804"}],"wp:featuredmedia":[{"embeddable":true,"href":"https:\/\/www1.esev.ipv.pt\/dacomunicacao\/index.php?rest_route=\/wp\/v2\/media\/2792"}],"wp:attachment":[{"href":"https:\/\/www1.esev.ipv.pt\/dacomunicacao\/index.php?rest_route=%2Fwp%2Fv2%2Fmedia&parent=2743"}],"wp:term":[{"taxonomy":"category","embeddable":true,"href":"https:\/\/www1.esev.ipv.pt\/dacomunicacao\/index.php?rest_route=%2Fwp%2Fv2%2Fcategories&post=2743"},{"taxonomy":"post_tag","embeddable":true,"href":"https:\/\/www1.esev.ipv.pt\/dacomunicacao\/index.php?rest_route=%2Fwp%2Fv2%2Ftags&post=2743"}],"curies":[{"name":"wp","href":"https:\/\/api.w.org\/{rel}","templated":true}]}}