{"id":2697,"date":"2018-04-04T15:21:26","date_gmt":"2018-04-04T15:21:26","guid":{"rendered":"http:\/\/www.esev.ipv.pt\/dacomunicacao\/?p=2697"},"modified":"2018-04-04T15:21:26","modified_gmt":"2018-04-04T15:21:26","slug":"conferencia-sobre-prestacao-de-cuidados-de-saude","status":"publish","type":"post","link":"https:\/\/www1.esev.ipv.pt\/dacomunicacao\/?p=2697","title":{"rendered":"Confer\u00eancia sobre presta\u00e7\u00e3o de cuidados de sa\u00fade"},"content":{"rendered":"<p><em><strong>O audit\u00f3rio da Escola Superior de Sa\u00fade de Viseu (ESSV) acolhe no pr\u00f3ximo dia 13 de abril a confer\u00eancia &#8220;Presta\u00e7\u00e3o de Cuidados de Sa\u00fade: Tend\u00eancias e Desafios&#8221;.<\/strong><\/em><\/p>\n<p>O evento, organizado pelo corpo docente e discente do 12\u00ba Curso de P\u00f3s-Gradua\u00e7\u00e3o em Gest\u00e3o e Administra\u00e7\u00e3o de Servi\u00e7os de Sa\u00fade da ESSV, direciona-se a estudantes e funcion\u00e1rios do IPV, atuais e antigos alunos desta p\u00f3s-gradua\u00e7\u00e3o, profissionais das \u00e1reas e p\u00fablico em geral.<\/p>\n<p>Com in\u00edcio marcado para as 15h00, o certame conta com as comunica\u00e7\u00f5es dos conferencistas Lino Ministro (presidente do Conselho Cl\u00ednico de Sa\u00fade do ACES D\u00e3o Laf\u00f5es) e Francisco Faro (vogal executivo do Centro Hospitalar Tondela Viseu), estando a modera\u00e7\u00e3o cargo do professor Jos\u00e9 Costa (docente da Escola Superior de Sa\u00fade do Polit\u00e9cnico de Viseu)<\/p>\n<p>Para o coordenador da confer\u00eancia, Jos\u00e9 Costa, &#8220;o evento visa promover a reflex\u00e3o sobre a presta\u00e7\u00e3o de cuidados de sa\u00fade no \u00e2mbito da gest\u00e3o e administra\u00e7\u00e3o dos servi\u00e7os e contribuir para a aquisi\u00e7\u00e3o de compet\u00eancias facilitadoras da melhoria da qualidade de decis\u00e3o em sa\u00fade&#8221;.<\/p>\n<p>Informa\u00e7\u00e3o adicional e inscri\u00e7\u00f5es gratuitas <em>on-line<\/em> em: <u><a href=\"http:\/\/www.essv.ipv.pt\/\">www.essv.ipv.pt<\/a><\/u><\/p>\n","protected":false},"excerpt":{"rendered":"<p>O audit\u00f3rio da Escola Superior de Sa\u00fade de Viseu (ESSV) acolhe no pr\u00f3ximo dia 13 de abril a confer\u00eancia &#8220;Presta\u00e7\u00e3o<\/p>\n","protected":false},"author":4,"featured_media":2698,"comment_status":"open","ping_status":"open","sticky":false,"template":"","format":"standard","meta":[],"categories":[11],"tags":[147,39],"_links":{"self":[{"href":"https:\/\/www1.esev.ipv.pt\/dacomunicacao\/index.php?rest_route=\/wp\/v2\/posts\/2697"}],"collection":[{"href":"https:\/\/www1.esev.ipv.pt\/dacomunicacao\/index.php?rest_route=\/wp\/v2\/posts"}],"about":[{"href":"https:\/\/www1.esev.ipv.pt\/dacomunicacao\/index.php?rest_route=\/wp\/v2\/types\/post"}],"author":[{"embeddable":true,"href":"https:\/\/www1.esev.ipv.pt\/dacomunicacao\/index.php?rest_route=\/wp\/v2\/users\/4"}],"replies":[{"embeddable":true,"href":"https:\/\/www1.esev.ipv.pt\/dacomunicacao\/index.php?rest_route=%2Fwp%2Fv2%2Fcomments&post=2697"}],"version-history":[{"count":2,"href":"https:\/\/www1.esev.ipv.pt\/dacomunicacao\/index.php?rest_route=\/wp\/v2\/posts\/2697\/revisions"}],"predecessor-version":[{"id":2700,"href":"https:\/\/www1.esev.ipv.pt\/dacomunicacao\/index.php?rest_route=\/wp\/v2\/posts\/2697\/revisions\/2700"}],"wp:featuredmedia":[{"embeddable":true,"href":"https:\/\/www1.esev.ipv.pt\/dacomunicacao\/index.php?rest_route=\/wp\/v2\/media\/2698"}],"wp:attachment":[{"href":"https:\/\/www1.esev.ipv.pt\/dacomunicacao\/index.php?rest_route=%2Fwp%2Fv2%2Fmedia&parent=2697"}],"wp:term":[{"taxonomy":"category","embeddable":true,"href":"https:\/\/www1.esev.ipv.pt\/dacomunicacao\/index.php?rest_route=%2Fwp%2Fv2%2Fcategories&post=2697"},{"taxonomy":"post_tag","embeddable":true,"href":"https:\/\/www1.esev.ipv.pt\/dacomunicacao\/index.php?rest_route=%2Fwp%2Fv2%2Ftags&post=2697"}],"curies":[{"name":"wp","href":"https:\/\/api.w.org\/{rel}","templated":true}]}}