{"id":2683,"date":"2018-03-23T15:30:57","date_gmt":"2018-03-23T15:30:57","guid":{"rendered":"http:\/\/www.esev.ipv.pt\/dacomunicacao\/?p=2683"},"modified":"2018-03-23T15:30:57","modified_gmt":"2018-03-23T15:30:57","slug":"tiago-santos-toma-posse-na-escola-superior-agraria","status":"publish","type":"post","link":"https:\/\/www1.esev.ipv.pt\/dacomunicacao\/?p=2683","title":{"rendered":"Tiago Santos toma posse na Escola Superior Agr\u00e1ria"},"content":{"rendered":"<p><strong>Ap\u00f3s a vit\u00f3ria no ato eleitoral, Tiago Santos tomou posse como presidente da Associa\u00e7\u00e3o de Estudantes da Escola Superior Agr\u00e1ria de Viseu (AE ESAV). \u00c9 o terceiro mandato consecutivo do aluno de engenharia agron\u00f3mica na lideran\u00e7a da associa\u00e7\u00e3o.<\/strong><\/p>\n<p><img loading=\"lazy\" class=\"alignnone size-medium wp-image-2685\" src=\"http:\/\/www.esev.ipv.pt\/dacomunicacao\/wp-content\/uploads\/2018\/03\/29391399_1600157903387111_348047959_o-300x225.jpg\" alt=\"\" width=\"300\" height=\"225\" srcset=\"https:\/\/www1.esev.ipv.pt\/dacomunicacao\/wp-content\/uploads\/2018\/03\/29391399_1600157903387111_348047959_o-300x225.jpg 300w, https:\/\/www1.esev.ipv.pt\/dacomunicacao\/wp-content\/uploads\/2018\/03\/29391399_1600157903387111_348047959_o-768x576.jpg 768w, https:\/\/www1.esev.ipv.pt\/dacomunicacao\/wp-content\/uploads\/2018\/03\/29391399_1600157903387111_348047959_o-1024x768.jpg 1024w\" sizes=\"(max-width: 300px) 100vw, 300px\" \/><\/p>\n<p>Com um discurso orientado para o futuro, Tiago Santos deixou uma promessa aos alunos e professores presentes na cerim\u00f3nia de tomada de posse que decorreu sede da AE ESAV. \u201cEsta associa\u00e7\u00e3o ter\u00e1 futuro, mas contrariamente ao habitual nestas ocasi\u00f5es, s\u00f3 vos prometemos uma coisa, trabalho\u201d, declarou.<\/p>\n<p>Nesse sentido, e apesar do foco nos desafios vindouros, o presidente da AE ESAV destacou o trabalho desenvolvido nos \u00faltimos anos. \u201cFoi com empenho, dedica\u00e7\u00e3o e trabalho que se ergueram e alicer\u00e7aram as paredes que se edificam entre v\u00f3s, simbolizando o esp\u00edrito de uni\u00e3o e sacrif\u00edcio, mas principalmente amor \u00e0 causa e \u00e0 escola\u201d, explicou.<\/p>\n<p>Assim, Tiago Santos agradeceu a todas as pessoas que colaboraram com ele ao longo dos \u00faltimos anos na associa\u00e7\u00e3o, em especial a Rui Loureiro, porque \u201cuma associa\u00e7\u00e3o pode ser boa com um mau presidente, mas n\u00e3o existe um bom presidente com uma m\u00e1 associa\u00e7\u00e3o. Por isso, se muitos consideram que esta associa\u00e7\u00e3o est\u00e1 no caminho certo, isso deve-se, em grande parte, \u00e0 minha equipa\u201d, manifestou.<\/p>\n<p>Os elogios ao trabalho realizado pelos antigos e atuais elementos da AE ESAV foram repercutidos pelo presidente da Escola Superior Agr\u00e1ria de Viseu (ESAV), Ant\u00f3nio Monteiro. \u201c(Voc\u00eas) s\u00e3o uma equipa bastante din\u00e2mica e trabalhadora. Depois de j\u00e1 terem passado por todas as dificuldades que o associativismo acarreta, quererem repetir \u00e9 um fator que quero real\u00e7ar e dar-vos os parab\u00e9ns\u201d, proclamou.<\/p>\n<p>No seu terceiro mandato como l\u00edder da AE ESAV, Tiago Santos comprometeu-se a fazer uma aposta forte no desporto universit\u00e1rio, de forma a contrariar a tend\u00eancia recente de afastamento da institui\u00e7\u00e3o \u00e0s modalidades desportivas.<\/p>\n<p>\u201cTemos o objetivo inscrever a AE ESAV no desporto universit\u00e1rio, apostando nas modalidades de tiro ao alvo e na equita\u00e7\u00e3o. A curto prazo, tamb\u00e9m iremos formar uma equipa da rugby, fazendo desse modo regressar uma tradi\u00e7\u00e3o da nossa escola\u201d, assumiu.<\/p>\n<p>Na qualidade de vereadora da educa\u00e7\u00e3o e do desporto da C\u00e2mara Municipal de Viseu, Cristina Brasete ouviu com agrado a tomada de decis\u00e3o de fazer regressar o desporto \u00e0 institui\u00e7\u00e3o e deixou uma garantia: \u201ca minha presen\u00e7a aqui \u00e9 dizer-vos frente a frente que podem contar com o munic\u00edpio de Viseu para realizarem os projetos que tenham na vossa mente\u201d.<\/p>\n<p>A representante do munic\u00edpio louvou tamb\u00e9m a presen\u00e7a de um n\u00famero elevado de mulheres na lista liderada por Tiago Santos. Um aspeto referido e elogiado, igualmente, pela provedora do estudante, a professora Cristina Amaro da Costa. \u201cA presen\u00e7a de 11 mulheres numa lista de 24 pessoas demonstra uma evolu\u00e7\u00e3o clara relativamente \u00e0 igualdade de g\u00e9nero. E isso deve ser exaltado\u201d, afirmou.<\/p>\n<p>Para al\u00e9m dos representantes do munic\u00edpio de Viseu, da ESAV e da provedora do estudante, o Instituto Polit\u00e9cnico de Viseu fez-se representar na sess\u00e3o de tomada de posse pelo seu vice-presidente, Pedro Rodrigues.<\/p>\n<p>&nbsp;<\/p>\n<p><strong>Texto e imagens: Jo\u00e3o Miguel Carvalho<\/strong><\/p>\n","protected":false},"excerpt":{"rendered":"<p>Ap\u00f3s a vit\u00f3ria no ato eleitoral, Tiago Santos tomou posse como presidente da Associa\u00e7\u00e3o de Estudantes da Escola Superior Agr\u00e1ria<\/p>\n","protected":false},"author":4,"featured_media":2684,"comment_status":"open","ping_status":"open","sticky":false,"template":"","format":"standard","meta":[],"categories":[11],"tags":[748,738],"_links":{"self":[{"href":"https:\/\/www1.esev.ipv.pt\/dacomunicacao\/index.php?rest_route=\/wp\/v2\/posts\/2683"}],"collection":[{"href":"https:\/\/www1.esev.ipv.pt\/dacomunicacao\/index.php?rest_route=\/wp\/v2\/posts"}],"about":[{"href":"https:\/\/www1.esev.ipv.pt\/dacomunicacao\/index.php?rest_route=\/wp\/v2\/types\/post"}],"author":[{"embeddable":true,"href":"https:\/\/www1.esev.ipv.pt\/dacomunicacao\/index.php?rest_route=\/wp\/v2\/users\/4"}],"replies":[{"embeddable":true,"href":"https:\/\/www1.esev.ipv.pt\/dacomunicacao\/index.php?rest_route=%2Fwp%2Fv2%2Fcomments&post=2683"}],"version-history":[{"count":1,"href":"https:\/\/www1.esev.ipv.pt\/dacomunicacao\/index.php?rest_route=\/wp\/v2\/posts\/2683\/revisions"}],"predecessor-version":[{"id":2686,"href":"https:\/\/www1.esev.ipv.pt\/dacomunicacao\/index.php?rest_route=\/wp\/v2\/posts\/2683\/revisions\/2686"}],"wp:featuredmedia":[{"embeddable":true,"href":"https:\/\/www1.esev.ipv.pt\/dacomunicacao\/index.php?rest_route=\/wp\/v2\/media\/2684"}],"wp:attachment":[{"href":"https:\/\/www1.esev.ipv.pt\/dacomunicacao\/index.php?rest_route=%2Fwp%2Fv2%2Fmedia&parent=2683"}],"wp:term":[{"taxonomy":"category","embeddable":true,"href":"https:\/\/www1.esev.ipv.pt\/dacomunicacao\/index.php?rest_route=%2Fwp%2Fv2%2Fcategories&post=2683"},{"taxonomy":"post_tag","embeddable":true,"href":"https:\/\/www1.esev.ipv.pt\/dacomunicacao\/index.php?rest_route=%2Fwp%2Fv2%2Ftags&post=2683"}],"curies":[{"name":"wp","href":"https:\/\/api.w.org\/{rel}","templated":true}]}}