{"id":2596,"date":"2018-03-17T16:56:09","date_gmt":"2018-03-17T16:56:09","guid":{"rendered":"http:\/\/www.esev.ipv.pt\/dacomunicacao\/?p=2596"},"modified":"2018-03-17T16:56:27","modified_gmt":"2018-03-17T16:56:27","slug":"familia-na-relacao-com-o-bebe","status":"publish","type":"post","link":"https:\/\/www1.esev.ipv.pt\/dacomunicacao\/?p=2596","title":{"rendered":"\u201cFam\u00edlia na rela\u00e7\u00e3o com o beb\u00e9\u201d em workshop"},"content":{"rendered":"<p>No passado\u00a0domingo, dia 11, decorreu na Fnac de Viseu o workshop \u201cFam\u00edlia na rela\u00e7\u00e3o com o beb\u00e9\u201d.\u00a0 O evento, com in\u00edcio \u00e0s 16 horas, foi orientado por Celestino Tom\u00e1s, enfermeiro especialista em sa\u00fade materna e obstetr\u00edcia.<\/p>\n<p>Durante o workshop, que durou cerca de duas horas, Celestino Tom\u00e1s abordou todos os ciclos da gravidez e o p\u00f3s gravidez, aleitamento materno e o veiculo entre o beb\u00e9 e os pais. \u00a0Para o enfermeiro, a mulher \u00e9 a personagem principal durante todo o processo da gravidez. A depress\u00e3o p\u00f3s-parto foi um dos temas com mais import\u00e2ncia abordados durante o evento. Como o\u00a0especialista referiu, \u201ceste \u00e9 um assunto s\u00e9rio\u201d e deve ser encarado como tal, \u201cdepois de o beb\u00e9 nascer existe uma fragilidade e uma tristeza estranha na mulher\u201d.\u00a0 Celestino Tom\u00e1s referiu ainda que a depress\u00e3o p\u00f3s parte acontece com mais frequ\u00eancia nas m\u00e3es que tiveram problemas antes da gravidez e que j\u00e1 tomaram antidepressivos.<\/p>\n<p>O enfermeiro falou, ainda, da rela\u00e7\u00e3o que existe entre a m\u00e3e e o filho, como s\u00e3o encaradas as idas para casa e as visitas ao hospital.\u00a0 Segundo este, durante as visitas que s\u00e3o feitas ao beb\u00e9 e \u00e0 m\u00e3e enquanto estes est\u00e3o na maternidade pode trazer constrangimentos. \u201cAs visitas devem ser preparadas antes de acontecerem, para n\u00e3o haver constrangimentos\u201d, acrescentou.<\/p>\n<p>O workshop foi realizado pela clinica m\u00e9dica \u201cJS, especializada em consultas de pediatria, vacina\u00e7\u00e3o, consultas de apoio \u00e0 amamenta\u00e7\u00e3o e recupera\u00e7\u00e3o p\u00f3s parte.<\/p>\n<p>&nbsp;<\/p>\n<p><strong>Texto e imagem: Alice Santos <\/strong><\/p>\n","protected":false},"excerpt":{"rendered":"<p>No passado\u00a0domingo, dia 11, decorreu na Fnac de Viseu o workshop \u201cFam\u00edlia na rela\u00e7\u00e3o com o beb\u00e9\u201d.\u00a0 O evento, com<\/p>\n","protected":false},"author":4,"featured_media":2597,"comment_status":"open","ping_status":"open","sticky":false,"template":"","format":"standard","meta":[],"categories":[11],"tags":[94,795,794,39,740],"_links":{"self":[{"href":"https:\/\/www1.esev.ipv.pt\/dacomunicacao\/index.php?rest_route=\/wp\/v2\/posts\/2596"}],"collection":[{"href":"https:\/\/www1.esev.ipv.pt\/dacomunicacao\/index.php?rest_route=\/wp\/v2\/posts"}],"about":[{"href":"https:\/\/www1.esev.ipv.pt\/dacomunicacao\/index.php?rest_route=\/wp\/v2\/types\/post"}],"author":[{"embeddable":true,"href":"https:\/\/www1.esev.ipv.pt\/dacomunicacao\/index.php?rest_route=\/wp\/v2\/users\/4"}],"replies":[{"embeddable":true,"href":"https:\/\/www1.esev.ipv.pt\/dacomunicacao\/index.php?rest_route=%2Fwp%2Fv2%2Fcomments&post=2596"}],"version-history":[{"count":2,"href":"https:\/\/www1.esev.ipv.pt\/dacomunicacao\/index.php?rest_route=\/wp\/v2\/posts\/2596\/revisions"}],"predecessor-version":[{"id":2599,"href":"https:\/\/www1.esev.ipv.pt\/dacomunicacao\/index.php?rest_route=\/wp\/v2\/posts\/2596\/revisions\/2599"}],"wp:featuredmedia":[{"embeddable":true,"href":"https:\/\/www1.esev.ipv.pt\/dacomunicacao\/index.php?rest_route=\/wp\/v2\/media\/2597"}],"wp:attachment":[{"href":"https:\/\/www1.esev.ipv.pt\/dacomunicacao\/index.php?rest_route=%2Fwp%2Fv2%2Fmedia&parent=2596"}],"wp:term":[{"taxonomy":"category","embeddable":true,"href":"https:\/\/www1.esev.ipv.pt\/dacomunicacao\/index.php?rest_route=%2Fwp%2Fv2%2Fcategories&post=2596"},{"taxonomy":"post_tag","embeddable":true,"href":"https:\/\/www1.esev.ipv.pt\/dacomunicacao\/index.php?rest_route=%2Fwp%2Fv2%2Ftags&post=2596"}],"curies":[{"name":"wp","href":"https:\/\/api.w.org\/{rel}","templated":true}]}}