{"id":2393,"date":"2018-01-15T10:50:54","date_gmt":"2018-01-15T10:50:54","guid":{"rendered":"http:\/\/www.esev.ipv.pt\/dacomunicacao\/?p=2393"},"modified":"2018-01-15T10:50:54","modified_gmt":"2018-01-15T10:50:54","slug":"protestos-contra-encerramento-da-estacao-dos-ctt-do-lavradio","status":"publish","type":"post","link":"https:\/\/www1.esev.ipv.pt\/dacomunicacao\/?p=2393","title":{"rendered":"Protestos contra encerramento da esta\u00e7\u00e3o dos CTT do Lavradio"},"content":{"rendered":"<p>Na passada manh\u00e3 de s\u00e1bado, dezenas de pessoas concentraram-se junto ao Mercado Municipal do Lavradio, no Barreiro com o objetivo de protestarem contra o encerramento da esta\u00e7\u00e3o dos CTT.<\/p>\n<p>Se esta medida for assunto encerrado, os 10 mil utentes que preenchem a \u00e1rea geogr\u00e1fica do Lavradio, v\u00e3o ter de se deslocar ao centro do Barreiro ou \u00e0 Baixa da Banheira, freguesia pertencente ao concelho da Moita.<\/p>\n<p>O Barreiro, concelho que \u00e9 composto por cerca de 80 mil habitantes, ficar\u00e1 apenas com duas esta\u00e7\u00f5es de Correios, uma no centro da cidade e outra na Quinta da Lomba, na freguesia de Santo Andr\u00e9.<\/p>\n<p>O encerramento da esta\u00e7\u00e3o dos CTT no Lavradio faz parte da medida confirmada j\u00e1 este ano, que envolve o encerramento de 22 esta\u00e7\u00f5es de Correios por todo o pa\u00eds. A medida surge no \u00e2mbito de um plano de reestrutura\u00e7\u00e3o, que segundo a Comiss\u00e3o de Trabalhadores dos Correios de Portugal vai afetar 53 postos de trabalho.<\/p>\n<p>&nbsp;<\/p>\n<p><strong>Texto: Miguel Rodrigues dos Santos<\/strong><\/p>\n<p><strong>Foto: Partido Comunista Portugu\u00eas \u2013 Organiza\u00e7\u00e3o Regional de Set\u00fabal<\/strong><\/p>\n","protected":false},"excerpt":{"rendered":"<p>Na passada manh\u00e3 de s\u00e1bado, dezenas de pessoas concentraram-se junto ao Mercado Municipal do Lavradio, no Barreiro com o objetivo<\/p>\n","protected":false},"author":4,"featured_media":2394,"comment_status":"open","ping_status":"open","sticky":false,"template":"","format":"standard","meta":[],"categories":[462],"tags":[706,705,49],"_links":{"self":[{"href":"https:\/\/www1.esev.ipv.pt\/dacomunicacao\/index.php?rest_route=\/wp\/v2\/posts\/2393"}],"collection":[{"href":"https:\/\/www1.esev.ipv.pt\/dacomunicacao\/index.php?rest_route=\/wp\/v2\/posts"}],"about":[{"href":"https:\/\/www1.esev.ipv.pt\/dacomunicacao\/index.php?rest_route=\/wp\/v2\/types\/post"}],"author":[{"embeddable":true,"href":"https:\/\/www1.esev.ipv.pt\/dacomunicacao\/index.php?rest_route=\/wp\/v2\/users\/4"}],"replies":[{"embeddable":true,"href":"https:\/\/www1.esev.ipv.pt\/dacomunicacao\/index.php?rest_route=%2Fwp%2Fv2%2Fcomments&post=2393"}],"version-history":[{"count":1,"href":"https:\/\/www1.esev.ipv.pt\/dacomunicacao\/index.php?rest_route=\/wp\/v2\/posts\/2393\/revisions"}],"predecessor-version":[{"id":2395,"href":"https:\/\/www1.esev.ipv.pt\/dacomunicacao\/index.php?rest_route=\/wp\/v2\/posts\/2393\/revisions\/2395"}],"wp:featuredmedia":[{"embeddable":true,"href":"https:\/\/www1.esev.ipv.pt\/dacomunicacao\/index.php?rest_route=\/wp\/v2\/media\/2394"}],"wp:attachment":[{"href":"https:\/\/www1.esev.ipv.pt\/dacomunicacao\/index.php?rest_route=%2Fwp%2Fv2%2Fmedia&parent=2393"}],"wp:term":[{"taxonomy":"category","embeddable":true,"href":"https:\/\/www1.esev.ipv.pt\/dacomunicacao\/index.php?rest_route=%2Fwp%2Fv2%2Fcategories&post=2393"},{"taxonomy":"post_tag","embeddable":true,"href":"https:\/\/www1.esev.ipv.pt\/dacomunicacao\/index.php?rest_route=%2Fwp%2Fv2%2Ftags&post=2393"}],"curies":[{"name":"wp","href":"https:\/\/api.w.org\/{rel}","templated":true}]}}