{"id":2209,"date":"2017-12-10T21:08:35","date_gmt":"2017-12-10T21:08:35","guid":{"rendered":"http:\/\/www.esev.ipv.pt\/dacomunicacao\/?p=2209"},"modified":"2017-12-10T21:08:35","modified_gmt":"2017-12-10T21:08:35","slug":"guias-de-viseu-participam-no-mercado-indo-eu","status":"publish","type":"post","link":"https:\/\/www1.esev.ipv.pt\/dacomunicacao\/?p=2209","title":{"rendered":"Guias de Viseu participam no Mercado Indo Eu"},"content":{"rendered":"<p><img loading=\"lazy\" class=\"alignnone size-medium wp-image-2210\" src=\"http:\/\/www.esev.ipv.pt\/dacomunicacao\/wp-content\/uploads\/2017\/12\/20171209_093506-300x225.jpg\" alt=\"\" width=\"300\" height=\"225\" srcset=\"https:\/\/www1.esev.ipv.pt\/dacomunicacao\/wp-content\/uploads\/2017\/12\/20171209_093506-300x225.jpg 300w, https:\/\/www1.esev.ipv.pt\/dacomunicacao\/wp-content\/uploads\/2017\/12\/20171209_093506-768x576.jpg 768w, https:\/\/www1.esev.ipv.pt\/dacomunicacao\/wp-content\/uploads\/2017\/12\/20171209_093506-1024x768.jpg 1024w, https:\/\/www1.esev.ipv.pt\/dacomunicacao\/wp-content\/uploads\/2017\/12\/20171209_093506.jpg 2016w\" sizes=\"(max-width: 300px) 100vw, 300px\" \/><\/p>\n<p>No dia 9 de dezembro, a patrulha Recife da 1\u00aa Companhia de Guias de Viseu participou no Mercado Indo Eu. Entre as dezenas de bancas montadas para o mercado, as guias-caravela estiveram a fazer angaria\u00e7\u00e3o de fundos para participarem num acampamento internacional. Para al\u00e9m das tradicionais rifas, as jovens raparigas estiveram a vender doces, marmelada e biscoitos caseiros.<\/p>\n<p>Pela primeira vez na regi\u00e3o de Viseu, uma patrulha de guias prop\u00f4s-se a participar num acampamento internacional, o Jigsaw International Camp 2018, que se realizar\u00e1 em Duncombe Park, Yorkshire, Inglaterra, de 28 de julho a 4 de agosto de 2018. Depois de apresentarem a candidatura \u00e0 Associa\u00e7\u00e3o Guias de Portugal, as sete raparigas, entre os 15 e os 17 anos, ter\u00e3o de angariar dinheiro para pagar a sua viagem e inscri\u00e7\u00e3o no acampamento. Estas guias-caravela ir\u00e3o acompanhadas de uma dirigente e representar\u00e3o a associa\u00e7\u00e3o nacional no acampamento organizado pelas guias do nordeste da Inglaterra. A participa\u00e7\u00e3o no Mercado do Indo Eu foi apenas uma das angaria\u00e7\u00f5es de fundos desenvolvida por esta patrulha de guias durante o primeiro trimestre do ano 2017\/2018.<\/p>\n<p>O Mercado Indo Eu \u00e9 uma iniciativa da Junta de Freguesia de Viseu e tem como objetivo dar a oportunidade aos visienses de vender e trocar os seus produtos. Esta iniciativa traz sempre muitas pessoas \u00e0s ruas da cidade e, mesmo num dia em que o frio se fez sentir, muitos foram os que visitaram o mercado durante a manh\u00e3. \u00c0 hora de almo\u00e7o o mercado foi interrompido devido \u00e0 chuva que come\u00e7ou a cair.<\/p>\n<p>&nbsp;<\/p>\n<p><strong>Texto e imagens: Rafaela Sousa<\/strong><\/p>\n","protected":false},"excerpt":{"rendered":"<p>No dia 9 de dezembro, a patrulha Recife da 1\u00aa Companhia de Guias de Viseu participou no Mercado Indo Eu.<\/p>\n","protected":false},"author":4,"featured_media":2211,"comment_status":"open","ping_status":"open","sticky":false,"template":"","format":"standard","meta":[],"categories":[11],"tags":[627,628,76],"_links":{"self":[{"href":"https:\/\/www1.esev.ipv.pt\/dacomunicacao\/index.php?rest_route=\/wp\/v2\/posts\/2209"}],"collection":[{"href":"https:\/\/www1.esev.ipv.pt\/dacomunicacao\/index.php?rest_route=\/wp\/v2\/posts"}],"about":[{"href":"https:\/\/www1.esev.ipv.pt\/dacomunicacao\/index.php?rest_route=\/wp\/v2\/types\/post"}],"author":[{"embeddable":true,"href":"https:\/\/www1.esev.ipv.pt\/dacomunicacao\/index.php?rest_route=\/wp\/v2\/users\/4"}],"replies":[{"embeddable":true,"href":"https:\/\/www1.esev.ipv.pt\/dacomunicacao\/index.php?rest_route=%2Fwp%2Fv2%2Fcomments&post=2209"}],"version-history":[{"count":1,"href":"https:\/\/www1.esev.ipv.pt\/dacomunicacao\/index.php?rest_route=\/wp\/v2\/posts\/2209\/revisions"}],"predecessor-version":[{"id":2212,"href":"https:\/\/www1.esev.ipv.pt\/dacomunicacao\/index.php?rest_route=\/wp\/v2\/posts\/2209\/revisions\/2212"}],"wp:featuredmedia":[{"embeddable":true,"href":"https:\/\/www1.esev.ipv.pt\/dacomunicacao\/index.php?rest_route=\/wp\/v2\/media\/2211"}],"wp:attachment":[{"href":"https:\/\/www1.esev.ipv.pt\/dacomunicacao\/index.php?rest_route=%2Fwp%2Fv2%2Fmedia&parent=2209"}],"wp:term":[{"taxonomy":"category","embeddable":true,"href":"https:\/\/www1.esev.ipv.pt\/dacomunicacao\/index.php?rest_route=%2Fwp%2Fv2%2Fcategories&post=2209"},{"taxonomy":"post_tag","embeddable":true,"href":"https:\/\/www1.esev.ipv.pt\/dacomunicacao\/index.php?rest_route=%2Fwp%2Fv2%2Ftags&post=2209"}],"curies":[{"name":"wp","href":"https:\/\/api.w.org\/{rel}","templated":true}]}}