{"id":21968,"date":"2026-04-29T09:03:35","date_gmt":"2026-04-29T09:03:35","guid":{"rendered":"https:\/\/www1.esev.ipv.pt\/dacomunicacao\/?p=21968"},"modified":"2026-04-29T09:03:36","modified_gmt":"2026-04-29T09:03:36","slug":"instituto-politecnico-de-viseu-abre-candidaturas-para-o-novo-mestrado-em-ambiente-e-saude","status":"publish","type":"post","link":"https:\/\/www1.esev.ipv.pt\/dacomunicacao\/?p=21968","title":{"rendered":"Instituto Polit\u00e9cnico de Viseu abre candidaturas para o novo Mestrado em Ambiente e Sa\u00fade"},"content":{"rendered":"\n<p><strong><em>O Instituto Polit\u00e9cnico de Viseu (IPV) abriu j\u00e1 as candidaturas para a 1.\u00aa edi\u00e7\u00e3o do Mestrado em Ambiente e Sa\u00fade, que decorrer\u00e1 entre 20 de abril e 15 de maio. <\/em><\/strong><\/p>\n\n\n\n<p>Este ciclo de estudos inovador, que resulta de uma parceria estrat\u00e9gica entre a Escola Superior de Tecnologia e Gest\u00e3o de Viseu (ESTGV) e a Escola Superior de Sa\u00fade de Viseu (ESSV), visa formar especialistas capazes de atuar na intersec\u00e7\u00e3o cr\u00edtica entre a sustentabilidade do Planeta e o bem-estar humano.<\/p>\n\n\n\n<p>Com o in\u00edcio previsto para o ano letivo 2026\/2027, o curso de Mestrado em Ambiente e Sa\u00fade surge num momento de emerg\u00eancia clim\u00e1tica e p\u00f3s-pand\u00e9mico, respondendo ao alerta da Organiza\u00e7\u00e3o Mundial de Sa\u00fade (OMS): cerca de 25% da mortalidade global est\u00e1 ligada a fatores ambientais. Este curso diferencia-se pela sua abordagem interdisciplinar, cruzando o rigor das ci\u00eancias da engenharia e do ambiente com a vis\u00e3o cl\u00ednica e humana da sa\u00fade p\u00fablica.<\/p>\n\n\n\n<p>O plano de estudos, com a dura\u00e7\u00e3o de tr\u00eas semestres (18 meses), foi desenhado para ser flex\u00edvel e orientado para a empregabilidade. No 3.\u00ba semestre, os estudantes poder\u00e3o optar pela realiza\u00e7\u00e3o de uma Disserta\u00e7\u00e3o cient\u00edfica, um Projeto ou um Est\u00e1gio em contexto real-aplicado, beneficiando de uma rede robusta de parcerias j\u00e1 estabelecidas com Unidades Locais de Sa\u00fade (ULS), ag\u00eancias reguladoras e empresas de consultoria e ind\u00fastria.<\/p>\n\n\n\n<p>O regime de funcionamento privilegiar\u00e1 a articula\u00e7\u00e3o entre as instala\u00e7\u00f5es da ESTGV e da ESSV, assegurando aos estudantes o acesso a recursos laboratoriais especializados e a um corpo docente multidisciplinar, detentor de vasta experi\u00eancia nos dom\u00ednios da Sa\u00fade, Engenharia e Ambiente.<\/p>\n","protected":false},"excerpt":{"rendered":"<p>O Instituto Polit\u00e9cnico de Viseu (IPV) abriu j\u00e1 as candidaturas para a 1.\u00aa edi\u00e7\u00e3o do Mestrado em Ambiente e Sa\u00fade,<\/p>\n","protected":false},"author":4,"featured_media":21970,"comment_status":"open","ping_status":"open","sticky":false,"template":"","format":"standard","meta":[],"categories":[11],"tags":[5209,734,189,330],"_links":{"self":[{"href":"https:\/\/www1.esev.ipv.pt\/dacomunicacao\/index.php?rest_route=\/wp\/v2\/posts\/21968"}],"collection":[{"href":"https:\/\/www1.esev.ipv.pt\/dacomunicacao\/index.php?rest_route=\/wp\/v2\/posts"}],"about":[{"href":"https:\/\/www1.esev.ipv.pt\/dacomunicacao\/index.php?rest_route=\/wp\/v2\/types\/post"}],"author":[{"embeddable":true,"href":"https:\/\/www1.esev.ipv.pt\/dacomunicacao\/index.php?rest_route=\/wp\/v2\/users\/4"}],"replies":[{"embeddable":true,"href":"https:\/\/www1.esev.ipv.pt\/dacomunicacao\/index.php?rest_route=%2Fwp%2Fv2%2Fcomments&post=21968"}],"version-history":[{"count":1,"href":"https:\/\/www1.esev.ipv.pt\/dacomunicacao\/index.php?rest_route=\/wp\/v2\/posts\/21968\/revisions"}],"predecessor-version":[{"id":21971,"href":"https:\/\/www1.esev.ipv.pt\/dacomunicacao\/index.php?rest_route=\/wp\/v2\/posts\/21968\/revisions\/21971"}],"wp:featuredmedia":[{"embeddable":true,"href":"https:\/\/www1.esev.ipv.pt\/dacomunicacao\/index.php?rest_route=\/wp\/v2\/media\/21970"}],"wp:attachment":[{"href":"https:\/\/www1.esev.ipv.pt\/dacomunicacao\/index.php?rest_route=%2Fwp%2Fv2%2Fmedia&parent=21968"}],"wp:term":[{"taxonomy":"category","embeddable":true,"href":"https:\/\/www1.esev.ipv.pt\/dacomunicacao\/index.php?rest_route=%2Fwp%2Fv2%2Fcategories&post=21968"},{"taxonomy":"post_tag","embeddable":true,"href":"https:\/\/www1.esev.ipv.pt\/dacomunicacao\/index.php?rest_route=%2Fwp%2Fv2%2Ftags&post=21968"}],"curies":[{"name":"wp","href":"https:\/\/api.w.org\/{rel}","templated":true}]}}