{"id":21965,"date":"2026-04-29T09:01:54","date_gmt":"2026-04-29T09:01:54","guid":{"rendered":"https:\/\/www1.esev.ipv.pt\/dacomunicacao\/?p=21965"},"modified":"2026-04-29T09:01:55","modified_gmt":"2026-04-29T09:01:55","slug":"ipv-participa-no-plogging-challenge-portugal-2026-e-reforca-compromisso-com-os-ods","status":"publish","type":"post","link":"https:\/\/www1.esev.ipv.pt\/dacomunicacao\/?p=21965","title":{"rendered":"IPV participa no Plogging Challenge Portugal 2026 e refor\u00e7a compromisso com os ODS"},"content":{"rendered":"\n<p><strong><em>O Instituto Polit\u00e9cnico de Viseu (IPV) associou-se \u00e0 6.\u00aa edi\u00e7\u00e3o do\u00a0Plogging Challenge Portugal, promovendo, no dia 15 de abril de 2026, uma a\u00e7\u00e3o que aliou atividade f\u00edsica \u00e0 prote\u00e7\u00e3o ambiental.<\/em><\/strong><\/p>\n\n\n\n<p>A iniciativa teve in\u00edcio pelas 9h30, junto ao Edif\u00edcio dos Servi\u00e7os Centrais do IPV, reunindo&nbsp;<strong>18 participantes da comunidade acad\u00e9mica<\/strong>, entre estudantes, docentes e n\u00e3o docentes da Escola Superior de Tecnologia e Gest\u00e3o de Viseu (ESTGV) e da Escola Superior de Sa\u00fade de Viseu (ESSV).<\/p>\n\n\n\n<p>Os participantes percorreram v\u00e1rios espa\u00e7os do Campus Polit\u00e9cnico e envolventes, numa caminhada ativa que resultou na&nbsp;<strong>recolha de aproximadamente 80 kg de res\u00edduos<\/strong>, contribuindo para a limpeza e valoriza\u00e7\u00e3o do espa\u00e7o p\u00fablico. No final da a\u00e7\u00e3o, os res\u00edduos recolhidos foram devidamente separados, promovendo o seu correto encaminhamento e refor\u00e7ando a import\u00e2ncia da gest\u00e3o sustent\u00e1vel dos res\u00edduos.<\/p>\n\n\n\n<p>Integrada no desafio nacional dinamizado pela organiza\u00e7\u00e3o Plogging Santa Maria da Feira, esta a\u00e7\u00e3o refor\u00e7a o compromisso do IPV com a sustentabilidade e a responsabilidade ambiental.<\/p>\n\n\n\n<p>A iniciativa contribuiu diretamente para v\u00e1rios&nbsp;<strong>Objetivos de Desenvolvimento Sustent\u00e1vel (ODS)<\/strong>&nbsp;das Na\u00e7\u00f5es Unidas, nomeadamente:<\/p>\n\n\n\n<ul><li><strong>ODS 3 \u2013 Sa\u00fade de Qualidade<\/strong>, ao promover a atividade f\u00edsica e o bem-estar<\/li><li><strong>ODS 11 \u2013 Cidades e Comunidades Sustent\u00e1veis<\/strong>, atrav\u00e9s da melhoria do espa\u00e7o urbano<\/li><li><strong>ODS 12 \u2013 Produ\u00e7\u00e3o e Consumo Sustent\u00e1veis<\/strong>, incentivando a redu\u00e7\u00e3o e correta gest\u00e3o de res\u00edduos<\/li><li><strong>ODS 13 \u2013 A\u00e7\u00e3o Clim\u00e1tica<\/strong>, ao sensibilizar para comportamentos ambientalmente respons\u00e1veis<\/li><li><strong>ODS 15 \u2013 Proteger a Vida Terrestre<\/strong>, contribuindo para a preserva\u00e7\u00e3o dos ecossistemas<\/li><\/ul>\n\n\n\n<p>Para al\u00e9m da recolha de res\u00edduos, a atividade teve como principais objetivos:<\/p>\n\n\n\n<ul><li>Promover a reciclagem e a preserva\u00e7\u00e3o ambiental<\/li><li>Sensibilizar para a import\u00e2ncia da atividade f\u00edsica ao ar livre<\/li><li>Incentivar o voluntariado e a cidadania ativa<\/li><li>Valorizar os res\u00edduos como recursos com potencial de reutiliza\u00e7\u00e3o<\/li><\/ul>\n\n\n\n<p>No \u00e2mbito desta iniciativa,&nbsp;<strong>os estudantes participantes ir\u00e3o receber um Certificado de participa\u00e7\u00e3o em Voluntariado Ambiental<\/strong>, contribuindo para o reconhecimento formal do seu envolvimento c\u00edvico e permitindo&nbsp;<strong>enriquecer o seu percurso acad\u00e9mico e curr\u00edcular<\/strong>.<\/p>\n\n\n\n<p>A a\u00e7\u00e3o contou com o apoio do&nbsp;<strong>EcoCampus ESTGV e EcoCampus ESSV<\/strong>, refor\u00e7ando o papel das institui\u00e7\u00f5es de ensino superior na promo\u00e7\u00e3o de pr\u00e1ticas sustent\u00e1veis e no envolvimento da comunidade acad\u00e9mica em a\u00e7\u00f5es concretas de prote\u00e7\u00e3o do ambiente.<\/p>\n","protected":false},"excerpt":{"rendered":"<p>O Instituto Polit\u00e9cnico de Viseu (IPV) associou-se \u00e0 6.\u00aa edi\u00e7\u00e3o do\u00a0Plogging Challenge Portugal, promovendo, no dia 15 de abril de<\/p>\n","protected":false},"author":4,"featured_media":21966,"comment_status":"open","ping_status":"open","sticky":false,"template":"","format":"standard","meta":[],"categories":[11],"tags":[734,189,2935,5208],"_links":{"self":[{"href":"https:\/\/www1.esev.ipv.pt\/dacomunicacao\/index.php?rest_route=\/wp\/v2\/posts\/21965"}],"collection":[{"href":"https:\/\/www1.esev.ipv.pt\/dacomunicacao\/index.php?rest_route=\/wp\/v2\/posts"}],"about":[{"href":"https:\/\/www1.esev.ipv.pt\/dacomunicacao\/index.php?rest_route=\/wp\/v2\/types\/post"}],"author":[{"embeddable":true,"href":"https:\/\/www1.esev.ipv.pt\/dacomunicacao\/index.php?rest_route=\/wp\/v2\/users\/4"}],"replies":[{"embeddable":true,"href":"https:\/\/www1.esev.ipv.pt\/dacomunicacao\/index.php?rest_route=%2Fwp%2Fv2%2Fcomments&post=21965"}],"version-history":[{"count":1,"href":"https:\/\/www1.esev.ipv.pt\/dacomunicacao\/index.php?rest_route=\/wp\/v2\/posts\/21965\/revisions"}],"predecessor-version":[{"id":21967,"href":"https:\/\/www1.esev.ipv.pt\/dacomunicacao\/index.php?rest_route=\/wp\/v2\/posts\/21965\/revisions\/21967"}],"wp:featuredmedia":[{"embeddable":true,"href":"https:\/\/www1.esev.ipv.pt\/dacomunicacao\/index.php?rest_route=\/wp\/v2\/media\/21966"}],"wp:attachment":[{"href":"https:\/\/www1.esev.ipv.pt\/dacomunicacao\/index.php?rest_route=%2Fwp%2Fv2%2Fmedia&parent=21965"}],"wp:term":[{"taxonomy":"category","embeddable":true,"href":"https:\/\/www1.esev.ipv.pt\/dacomunicacao\/index.php?rest_route=%2Fwp%2Fv2%2Fcategories&post=21965"},{"taxonomy":"post_tag","embeddable":true,"href":"https:\/\/www1.esev.ipv.pt\/dacomunicacao\/index.php?rest_route=%2Fwp%2Fv2%2Ftags&post=21965"}],"curies":[{"name":"wp","href":"https:\/\/api.w.org\/{rel}","templated":true}]}}