{"id":21962,"date":"2026-04-29T08:59:43","date_gmt":"2026-04-29T08:59:43","guid":{"rendered":"https:\/\/www1.esev.ipv.pt\/dacomunicacao\/?p=21962"},"modified":"2026-04-29T12:34:19","modified_gmt":"2026-04-29T12:34:19","slug":"estudantes-da-estgv-ipv-dinamizaram-sessoes-de-literacia-financeira-para-5000-alunos-do-ensino-basico-e-secundario","status":"publish","type":"post","link":"https:\/\/www1.esev.ipv.pt\/dacomunicacao\/?p=21962","title":{"rendered":"Estudantes da ESTGV dinamizaram sess\u00f5es de literacia financeira para 5000 alunos"},"content":{"rendered":"\n<p><strong><em>O Minist\u00e9rio da Educa\u00e7\u00e3o, Ci\u00eancia e Inova\u00e7\u00e3o (MECI) decidiu que, a partir do corrente ano letivo (2025\/2026), a abordagem de temas de Literacia Financeira e Empreendedorismo seria obrigat\u00f3ria em todo o percurso escolar dos alunos, do 1\u00ba ao 12\u00ba ano.<\/em><\/strong><\/p>\n\n\n\n<p>Para tal, desafiou as institui\u00e7\u00f5es de ensino superior a identificarem estudantes dos 2\u00ba e 3\u00ba anos de alguns cursos que, em regime de voluntariado, se deslocassem a escolas b\u00e1sicas e secund\u00e1rias para dinamizarem sess\u00f5es sobre esses temas, devidamente orientados e suportados em materiais disponibilizados pelo MECI.<\/p>\n\n\n\n<p>Esta nova abordagem teve in\u00edcio simb\u00f3lico no dia 31 de outubro de 2025, Dia Mundial da Poupan\u00e7a. Depois, o MECI incentivou a celebra\u00e7\u00e3o de protocolos de colabora\u00e7\u00e3o entre as escolas e as institui\u00e7\u00f5es de ensino superior.<\/p>\n\n\n\n<p>Na Escola Superior de Tecnologia e Gest\u00e3o de Viseu foi constitu\u00edda uma bolsa de 18 estudantes das licenciaturas em Gest\u00e3o de Empresas e Contabilidade e foram celebrados 11 protocolos de colabora\u00e7\u00e3o com escolas e agrupamentos de escolas da regi\u00e3o.<\/p>\n\n\n\n<p>Nos \u00faltimos 6 meses (entre 31 de outubro de 2025 e o final de abril de 2026), estes 18 estudantes (e mais 4 docentes) dinamizaram 85 sess\u00f5es em 36 escolas da regi\u00e3o, tendo alcan\u00e7ado cerca de 5000 alunos de todos os ciclos do ensino b\u00e1sico e secund\u00e1rio.<\/p>\n\n\n\n<p>Este ano letivo o tema privilegiado foi \u201cPoupan\u00e7a\u201d, mas a partir do pr\u00f3ximo, as escolas podem tamb\u00e9m solicitar sess\u00f5es sobre os outros temas previstos: \u201cOr\u00e7amento Familiar e Fiscalidade\u201d, \u201cServi\u00e7o e Produtos Financeiros\u201d e \u201cSer Empreendedor\u201d.<\/p>\n","protected":false},"excerpt":{"rendered":"<p>O Minist\u00e9rio da Educa\u00e7\u00e3o, Ci\u00eancia e Inova\u00e7\u00e3o (MECI) decidiu que, a partir do corrente ano letivo (2025\/2026), a abordagem de<\/p>\n","protected":false},"author":4,"featured_media":21963,"comment_status":"open","ping_status":"open","sticky":false,"template":"","format":"standard","meta":[],"categories":[399,11],"tags":[38,189,330,5207],"_links":{"self":[{"href":"https:\/\/www1.esev.ipv.pt\/dacomunicacao\/index.php?rest_route=\/wp\/v2\/posts\/21962"}],"collection":[{"href":"https:\/\/www1.esev.ipv.pt\/dacomunicacao\/index.php?rest_route=\/wp\/v2\/posts"}],"about":[{"href":"https:\/\/www1.esev.ipv.pt\/dacomunicacao\/index.php?rest_route=\/wp\/v2\/types\/post"}],"author":[{"embeddable":true,"href":"https:\/\/www1.esev.ipv.pt\/dacomunicacao\/index.php?rest_route=\/wp\/v2\/users\/4"}],"replies":[{"embeddable":true,"href":"https:\/\/www1.esev.ipv.pt\/dacomunicacao\/index.php?rest_route=%2Fwp%2Fv2%2Fcomments&post=21962"}],"version-history":[{"count":2,"href":"https:\/\/www1.esev.ipv.pt\/dacomunicacao\/index.php?rest_route=\/wp\/v2\/posts\/21962\/revisions"}],"predecessor-version":[{"id":21972,"href":"https:\/\/www1.esev.ipv.pt\/dacomunicacao\/index.php?rest_route=\/wp\/v2\/posts\/21962\/revisions\/21972"}],"wp:featuredmedia":[{"embeddable":true,"href":"https:\/\/www1.esev.ipv.pt\/dacomunicacao\/index.php?rest_route=\/wp\/v2\/media\/21963"}],"wp:attachment":[{"href":"https:\/\/www1.esev.ipv.pt\/dacomunicacao\/index.php?rest_route=%2Fwp%2Fv2%2Fmedia&parent=21962"}],"wp:term":[{"taxonomy":"category","embeddable":true,"href":"https:\/\/www1.esev.ipv.pt\/dacomunicacao\/index.php?rest_route=%2Fwp%2Fv2%2Fcategories&post=21962"},{"taxonomy":"post_tag","embeddable":true,"href":"https:\/\/www1.esev.ipv.pt\/dacomunicacao\/index.php?rest_route=%2Fwp%2Fv2%2Ftags&post=21962"}],"curies":[{"name":"wp","href":"https:\/\/api.w.org\/{rel}","templated":true}]}}