{"id":21956,"date":"2026-04-29T08:58:19","date_gmt":"2026-04-29T08:58:19","guid":{"rendered":"https:\/\/www1.esev.ipv.pt\/dacomunicacao\/?p=21956"},"modified":"2026-04-29T08:58:22","modified_gmt":"2026-04-29T08:58:22","slug":"ipv-realiza-a-4-a-edicao-da-mostra-ipv-a-8-de-maio","status":"publish","type":"post","link":"https:\/\/www1.esev.ipv.pt\/dacomunicacao\/?p=21956","title":{"rendered":"IPV realiza a 4.\u00aa edi\u00e7\u00e3o da Mostra IPV a 8 de maio"},"content":{"rendered":"\n<p><strong><em>O Instituto Polit\u00e9cnico de Viseu promove, no dia 8 de maio de 2026, entre as 10h e as 18h, no Pavilh\u00e3o Desportivo Eng. Fernando Sebasti\u00e3o, no campus do IPV, a 4.\u00aa edi\u00e7\u00e3o da Mostra IPV, uma iniciativa gratuita e aberta \u00e0 comunidade que visa dar a conhecer a sua oferta formativa.<\/em><\/strong><\/p>\n\n\n\n<figure class=\"wp-block-image size-large\"><img loading=\"lazy\" width=\"1024\" height=\"536\" src=\"https:\/\/www1.esev.ipv.pt\/dacomunicacao\/wp-content\/uploads\/2026\/04\/politecnico-de-viseu-1024x536.jpg\" alt=\"\" class=\"wp-image-21959\" srcset=\"https:\/\/www1.esev.ipv.pt\/dacomunicacao\/wp-content\/uploads\/2026\/04\/politecnico-de-viseu-1024x536.jpg 1024w, https:\/\/www1.esev.ipv.pt\/dacomunicacao\/wp-content\/uploads\/2026\/04\/politecnico-de-viseu-300x157.jpg 300w, https:\/\/www1.esev.ipv.pt\/dacomunicacao\/wp-content\/uploads\/2026\/04\/politecnico-de-viseu-768x402.jpg 768w, https:\/\/www1.esev.ipv.pt\/dacomunicacao\/wp-content\/uploads\/2026\/04\/politecnico-de-viseu-1536x804.jpg 1536w, https:\/\/www1.esev.ipv.pt\/dacomunicacao\/wp-content\/uploads\/2026\/04\/politecnico-de-viseu-2048x1071.jpg 2048w, https:\/\/www1.esev.ipv.pt\/dacomunicacao\/wp-content\/uploads\/2026\/04\/politecnico-de-viseu-390x205.jpg 390w\" sizes=\"(max-width: 1024px) 100vw, 1024px\" \/><figcaption>Iniciativa realiza-se no campus do Polit\u00e9cnico de Viseu<\/figcaption><\/figure>\n\n\n\n<p>A iniciativa constitui uma oportunidade para apresentar as cinco institui\u00e7\u00f5es do IPV \u00e0s escolas da regi\u00e3o, em particular aos estudantes do ensino secund\u00e1rio, permitindo dar a conhecer os cursos, servi\u00e7os e din\u00e2mica institucional.<\/p>\n\n\n\n<p>De acordo com Joana Martins, Pr\u00f3-Presidente para a Comunica\u00e7\u00e3o Estrat\u00e9gica do IPV, esta iniciativa assume-se como &#8220;um momento em que abrimos as portas do campus&#8221;, sendo direcionada a toda a comunidade. O evento permite aos visitantes conhecer as escolas, os cursos, as tunas e os servi\u00e7os de a\u00e7\u00e3o social, refor\u00e7ando a proximidade entre a institui\u00e7\u00e3o e o p\u00fablico.&nbsp;<\/p>\n\n\n\n<p>A Mostra IPV pretende ir al\u00e9m de uma feira informativa, sendo estruturada como uma experi\u00eancia com foco na perspetiva dos estudantes. Os visitantes ter\u00e3o oportunidade de contactar com professores, estudantes e profissionais, num ambiente de partilha e esclarecimento.<\/p>\n\n\n\n<p><strong>Um programa rico e diversificado<\/strong><\/p>\n\n\n\n<figure class=\"wp-block-image size-large\"><img loading=\"lazy\" width=\"724\" height=\"1024\" src=\"https:\/\/www1.esev.ipv.pt\/dacomunicacao\/wp-content\/uploads\/2026\/04\/Mostra26_cartaz-724x1024.png\" alt=\"\" class=\"wp-image-21960\" srcset=\"https:\/\/www1.esev.ipv.pt\/dacomunicacao\/wp-content\/uploads\/2026\/04\/Mostra26_cartaz-724x1024.png 724w, https:\/\/www1.esev.ipv.pt\/dacomunicacao\/wp-content\/uploads\/2026\/04\/Mostra26_cartaz-212x300.png 212w, https:\/\/www1.esev.ipv.pt\/dacomunicacao\/wp-content\/uploads\/2026\/04\/Mostra26_cartaz-768x1086.png 768w, https:\/\/www1.esev.ipv.pt\/dacomunicacao\/wp-content\/uploads\/2026\/04\/Mostra26_cartaz.png 1000w\" sizes=\"(max-width: 724px) 100vw, 724px\" \/><\/figure>\n\n\n\n<p>O evento arranca \u00e0s 10h00 com uma sess\u00e3o de forma\u00e7\u00e3o para professores subordinada ao tema <em>Professor + IA: novas ferramentas para ensinar<\/em>, refletindo o compromisso do IPV com a inova\u00e7\u00e3o pedag\u00f3gica e a atualiza\u00e7\u00e3o dos profissionais de educa\u00e7\u00e3o.<\/p>\n\n\n\n<p>\u00c0s 11h00, a TUNAD\u00c3O 1998 anima o pavilh\u00e3o com uma atua\u00e7\u00e3o ao vivo, seguida, \u00e0s 11h30, de um conjunto de sess\u00f5es de informa\u00e7\u00e3o destinadas aos estudantes e fam\u00edlias: <em>O Ensino Superior \u00e0 Dist\u00e2ncia de um Clique<\/em>, dedicada ao acesso ao ensino superior; <em>O IPV visto \u00e0 lupa<\/em>, com divulga\u00e7\u00e3o da oferta formativa institucional e sa\u00eddas profissionais; e <em>&#8220;Que Ningu\u00e9m Fique de Fora&#8221;<\/em>, focada nos apoios e bolsas dispon\u00edveis no ensino superior.<\/p>\n\n\n\n<p>O ponto alto da tarde ser\u00e1 o concerto ao vivo com o artista <strong>Morais<\/strong>, \u00e0s 15h00, que promete animar estudantes, fam\u00edlias e toda a comunidade presente. Ao longo do dia, os visitantes poder\u00e3o ainda usufruir de diversas atividades complementares, incluindo um espa\u00e7o de <strong>videobooth 360\u00b0<\/strong> para cria\u00e7\u00e3o de conte\u00fados fotogr\u00e1ficos e em v\u00eddeo, <strong>sorteio de bilhetes para festivais<\/strong>, e distribui\u00e7\u00e3o de pr\u00e9mios e brindes.<\/p>\n\n\n\n<p>A iniciativa refor\u00e7a o compromisso do IPV com a regi\u00e3o e com os jovens que se encontram em fase de decis\u00e3o sobre o seu percurso acad\u00e9mico.<\/p>\n","protected":false},"excerpt":{"rendered":"<p>O Instituto Polit\u00e9cnico de Viseu promove, no dia 8 de maio de 2026, entre as 10h e as 18h, no<\/p>\n","protected":false},"author":4,"featured_media":21958,"comment_status":"open","ping_status":"open","sticky":false,"template":"","format":"standard","meta":[],"categories":[11],"tags":[330,4590],"_links":{"self":[{"href":"https:\/\/www1.esev.ipv.pt\/dacomunicacao\/index.php?rest_route=\/wp\/v2\/posts\/21956"}],"collection":[{"href":"https:\/\/www1.esev.ipv.pt\/dacomunicacao\/index.php?rest_route=\/wp\/v2\/posts"}],"about":[{"href":"https:\/\/www1.esev.ipv.pt\/dacomunicacao\/index.php?rest_route=\/wp\/v2\/types\/post"}],"author":[{"embeddable":true,"href":"https:\/\/www1.esev.ipv.pt\/dacomunicacao\/index.php?rest_route=\/wp\/v2\/users\/4"}],"replies":[{"embeddable":true,"href":"https:\/\/www1.esev.ipv.pt\/dacomunicacao\/index.php?rest_route=%2Fwp%2Fv2%2Fcomments&post=21956"}],"version-history":[{"count":1,"href":"https:\/\/www1.esev.ipv.pt\/dacomunicacao\/index.php?rest_route=\/wp\/v2\/posts\/21956\/revisions"}],"predecessor-version":[{"id":21961,"href":"https:\/\/www1.esev.ipv.pt\/dacomunicacao\/index.php?rest_route=\/wp\/v2\/posts\/21956\/revisions\/21961"}],"wp:featuredmedia":[{"embeddable":true,"href":"https:\/\/www1.esev.ipv.pt\/dacomunicacao\/index.php?rest_route=\/wp\/v2\/media\/21958"}],"wp:attachment":[{"href":"https:\/\/www1.esev.ipv.pt\/dacomunicacao\/index.php?rest_route=%2Fwp%2Fv2%2Fmedia&parent=21956"}],"wp:term":[{"taxonomy":"category","embeddable":true,"href":"https:\/\/www1.esev.ipv.pt\/dacomunicacao\/index.php?rest_route=%2Fwp%2Fv2%2Fcategories&post=21956"},{"taxonomy":"post_tag","embeddable":true,"href":"https:\/\/www1.esev.ipv.pt\/dacomunicacao\/index.php?rest_route=%2Fwp%2Fv2%2Ftags&post=21956"}],"curies":[{"name":"wp","href":"https:\/\/api.w.org\/{rel}","templated":true}]}}