{"id":21953,"date":"2026-04-24T14:06:52","date_gmt":"2026-04-24T14:06:52","guid":{"rendered":"https:\/\/www1.esev.ipv.pt\/dacomunicacao\/?p=21953"},"modified":"2026-04-24T14:08:30","modified_gmt":"2026-04-24T14:08:30","slug":"roubo-de-esperanca-uma-tonelada-de-tampinhas-desaparece-mas-solidariedade-supera-perdas","status":"publish","type":"post","link":"https:\/\/www1.esev.ipv.pt\/dacomunicacao\/?p=21953","title":{"rendered":"Roubo de esperan\u00e7a: uma tonelada de tampinhas desaparece, mas solidariedade supera perdas"},"content":{"rendered":"\n<p><strong><em>Os recentes roubos de tampinhas destinadas a financiar as terapias de Mafalda marcaram a sua vida e a vida dos seus familiares, ap\u00f3s o desaparecimento de cerca de uma tonelada de tampinhas, que \u00e9 essencial para suportar os custos dos seus tratamentos. Ainda assim, a resposta solid\u00e1ria das pessoas transformou um momento de fragilidade numa demonstra\u00e7\u00e3o coletiva de apoio.<\/em><\/strong><\/p>\n\n\n\n<p><strong>Por: Afonso Morais e Beatriz Cadima<\/strong><\/p>\n\n\n\n<p>Mafalda uma menina de 10 anos de Viseu foi diagnosticada desde muito cedo com uma doen\u00e7a rara de nome CDG (Defeitos Cong\u00e9nitos da Glicosila\u00e7\u00e3o) que afeta o equil\u00edbrio, a coordena\u00e7\u00e3o motora, a linguagem e a vis\u00e3o. A sua fam\u00edlia recorreu \u00e0 recolha de tampinhas e estabeleceu protocolos com empresas de gest\u00e3o de res\u00edduos como forma de financiamento para as terapias. Ao longo de cerca de oito anos, esta iniciativa tornou-se um movimento solid\u00e1rio e permitiu que os pais da Mafalda pudessem proporcionar todas as terapias necess\u00e1rias da menina.<\/p>\n\n\n\n<p>A m\u00e3e da Mafalda, Joana Peixinho, apelou ao instagram da menina \u201c<a href=\"https:\/\/www.instagram.com\/osorrisodamafalda\/\">Sorriso da Mafalda<\/a>\u201d, com o objetivo sensibilizar as pessoas e angariar ajuda e apoios, ent\u00e3o, com toda a repercuss\u00e3o da causa as pessoas sentiram-se movidas pela situa\u00e7\u00e3o e a quantidade de tampinhas roubadas j\u00e1 foram ultrapassadas e o <em>plafond <\/em>das cl\u00ednicas tamb\u00e9m j\u00e1 foi assegurado, garantindo a continuidade do tratamento.<\/p>\n\n\n\n<p>J\u00e1 sobre as ajudas que recebem do Estado, Joana Peixinho afirma: \u201co apoio que n\u00f3s temos do Estado \u00e9 um gr\u00e3o de areia num deserto\u201d, pois n\u00e3o cobre um quarto do valor que gasta nas terapias da filha. No entanto, ressalta a qualidade do apoio cl\u00ednico, visto que a Mafalda est\u00e1 a ser acompanhada no Hospital Pedi\u00e1trico de Coimbra h\u00e1 v\u00e1rios anos, onde local onde s\u00e3o \u201cmuit\u00edssimo bem acompanhados\u201d.<\/p>\n\n\n\n<p>Ao longo do seu percurso, Mafalda conquistou um grande desenvolvimento, ainda que de forma progressiva, resultado das terapias. Cada pequena conquista representa uma vit\u00f3ria significativa para uma fam\u00edlia.<\/p>\n\n\n\n<p>Al\u00e9m de garantir um futuro mais confort\u00e1vel para a Mafalda, o maior desejo da m\u00e3e para o futuro da filha \u00e9 a sua felicidade: \u201ceu quero que a vida lhe sorria\u201d. Joana Peixinho espera que a filha possa viver numa sociedade mais inclusiva, com menos obst\u00e1culos e mais compreens\u00e3o, onde possa crescer como uma jovem realizada, independentemente do caminho profissional que venha a seguir.<\/p>\n\n\n\n<p>Neste momento, a fam\u00edlia apela aos apoios atrav\u00e9s de doa\u00e7\u00f5es, partilhas e recolha de tampinhas. Toda a informa\u00e7\u00e3o para ajudar est\u00e1 dispon\u00edvel na p\u00e1gina do Instagram \u201c<a href=\"https:\/\/www.instagram.com\/osorrisodamafalda\/\">Sorriso da Mafalda<\/a>\u201d.<\/p>\n","protected":false},"excerpt":{"rendered":"<p>Os recentes roubos de tampinhas destinadas a financiar as terapias de Mafalda marcaram a sua vida e a vida dos seus familiares, ap\u00f3s o desaparecimento de cerca de uma tonelada de tampinhas, que \u00e9 essencial para suportar os custos dos seus tratamentos. Ainda assim, a resposta solid\u00e1ria das pessoas transformou um momento de fragilidade numa demonstra\u00e7\u00e3o coletiva de apoio.<\/p>\n","protected":false},"author":4,"featured_media":21954,"comment_status":"open","ping_status":"open","sticky":false,"template":"","format":"standard","meta":[],"categories":[462,11],"tags":[2750,58],"_links":{"self":[{"href":"https:\/\/www1.esev.ipv.pt\/dacomunicacao\/index.php?rest_route=\/wp\/v2\/posts\/21953"}],"collection":[{"href":"https:\/\/www1.esev.ipv.pt\/dacomunicacao\/index.php?rest_route=\/wp\/v2\/posts"}],"about":[{"href":"https:\/\/www1.esev.ipv.pt\/dacomunicacao\/index.php?rest_route=\/wp\/v2\/types\/post"}],"author":[{"embeddable":true,"href":"https:\/\/www1.esev.ipv.pt\/dacomunicacao\/index.php?rest_route=\/wp\/v2\/users\/4"}],"replies":[{"embeddable":true,"href":"https:\/\/www1.esev.ipv.pt\/dacomunicacao\/index.php?rest_route=%2Fwp%2Fv2%2Fcomments&post=21953"}],"version-history":[{"count":1,"href":"https:\/\/www1.esev.ipv.pt\/dacomunicacao\/index.php?rest_route=\/wp\/v2\/posts\/21953\/revisions"}],"predecessor-version":[{"id":21955,"href":"https:\/\/www1.esev.ipv.pt\/dacomunicacao\/index.php?rest_route=\/wp\/v2\/posts\/21953\/revisions\/21955"}],"wp:featuredmedia":[{"embeddable":true,"href":"https:\/\/www1.esev.ipv.pt\/dacomunicacao\/index.php?rest_route=\/wp\/v2\/media\/21954"}],"wp:attachment":[{"href":"https:\/\/www1.esev.ipv.pt\/dacomunicacao\/index.php?rest_route=%2Fwp%2Fv2%2Fmedia&parent=21953"}],"wp:term":[{"taxonomy":"category","embeddable":true,"href":"https:\/\/www1.esev.ipv.pt\/dacomunicacao\/index.php?rest_route=%2Fwp%2Fv2%2Fcategories&post=21953"},{"taxonomy":"post_tag","embeddable":true,"href":"https:\/\/www1.esev.ipv.pt\/dacomunicacao\/index.php?rest_route=%2Fwp%2Fv2%2Ftags&post=21953"}],"curies":[{"name":"wp","href":"https:\/\/api.w.org\/{rel}","templated":true}]}}