{"id":21760,"date":"2026-02-25T18:28:25","date_gmt":"2026-02-25T18:28:25","guid":{"rendered":"https:\/\/www1.esev.ipv.pt\/dacomunicacao\/?p=21760"},"modified":"2026-02-25T18:29:01","modified_gmt":"2026-02-25T18:29:01","slug":"caso-de-racismo-de-gianluca-prestianni-divide-a-opiniao-dos-viseenses","status":"publish","type":"post","link":"https:\/\/www1.esev.ipv.pt\/dacomunicacao\/?p=21760","title":{"rendered":"Caso de racismo de Gianluca Prestianni divide a opini\u00e3o dos viseenses"},"content":{"rendered":"\n<p><strong><em>O #dacomunica\u00e7\u00e3o saiu \u00e0s ruas para perceber a opini\u00e3o dos viseenses sobre o castigo aplicado a Gianluca Prestianni,  jogador do Sport Lisboa e Benfica, acusado de cometer um ato racista a Vinicius J\u00fanior, jogador do Real Madrid, falhando assim o jogo da segunda-m\u00e3o dos Play-offs da UEFA Champions League.<\/em><\/strong><\/p>\n\n\n\n<p><strong>Por: Diogo Loureiro e Sim\u00e3o Francisco<\/strong><\/p>\n\n\n\n<div class=\"wp-block-media-text alignwide is-stacked-on-mobile\"><figure class=\"wp-block-media-text__media\"><img loading=\"lazy\" width=\"768\" height=\"1024\" src=\"https:\/\/www1.esev.ipv.pt\/dacomunicacao\/wp-content\/uploads\/2026\/02\/IMG_4348-768x1024.jpg\" alt=\"\" class=\"wp-image-21780 size-full\" srcset=\"https:\/\/www1.esev.ipv.pt\/dacomunicacao\/wp-content\/uploads\/2026\/02\/IMG_4348-768x1024.jpg 768w, https:\/\/www1.esev.ipv.pt\/dacomunicacao\/wp-content\/uploads\/2026\/02\/IMG_4348-225x300.jpg 225w, https:\/\/www1.esev.ipv.pt\/dacomunicacao\/wp-content\/uploads\/2026\/02\/IMG_4348-1152x1536.jpg 1152w, https:\/\/www1.esev.ipv.pt\/dacomunicacao\/wp-content\/uploads\/2026\/02\/IMG_4348-1536x2048.jpg 1536w, https:\/\/www1.esev.ipv.pt\/dacomunicacao\/wp-content\/uploads\/2026\/02\/IMG_4348-scaled.jpg 1920w\" sizes=\"(max-width: 768px) 100vw, 768px\" \/><\/figure><div class=\"wp-block-media-text__content\">\n<p><strong>Acha que o castigo a Gianluca Prestianni foi bem aplicado?<\/strong><\/p>\n\n\n\n<p>Est\u00e1 mal! Deviam ter sido os dois suspensos, uma vez que n\u00e3o h\u00e1 motivos para a puni\u00e7\u00e3o, para suspender um, suspendiam o outro at\u00e9 novas regras. <\/p>\n\n\n\n<p><\/p>\n\n\n\n<p>Ant\u00f3nio Cabral, 75 anos<\/p>\n<\/div><\/div>\n\n\n\n<p><\/p>\n\n\n\n<div class=\"wp-block-media-text alignwide is-stacked-on-mobile\"><figure class=\"wp-block-media-text__media\"><img loading=\"lazy\" width=\"768\" height=\"1024\" src=\"https:\/\/www1.esev.ipv.pt\/dacomunicacao\/wp-content\/uploads\/2026\/02\/ffd6fb19-10ee-4432-82fc-54a8c2031c1f-768x1024.jpg\" alt=\"\" class=\"wp-image-21784 size-full\" srcset=\"https:\/\/www1.esev.ipv.pt\/dacomunicacao\/wp-content\/uploads\/2026\/02\/ffd6fb19-10ee-4432-82fc-54a8c2031c1f-768x1024.jpg 768w, https:\/\/www1.esev.ipv.pt\/dacomunicacao\/wp-content\/uploads\/2026\/02\/ffd6fb19-10ee-4432-82fc-54a8c2031c1f-225x300.jpg 225w, https:\/\/www1.esev.ipv.pt\/dacomunicacao\/wp-content\/uploads\/2026\/02\/ffd6fb19-10ee-4432-82fc-54a8c2031c1f-1152x1536.jpg 1152w, https:\/\/www1.esev.ipv.pt\/dacomunicacao\/wp-content\/uploads\/2026\/02\/ffd6fb19-10ee-4432-82fc-54a8c2031c1f.jpg 1440w\" sizes=\"(max-width: 768px) 100vw, 768px\" \/><\/figure><div class=\"wp-block-media-text__content\">\n<p><strong>Acha que o castigo a Gianluca Prestianni foi bem aplicado?<\/strong><\/p>\n\n\n\n<p>O castigo foi bem dado, porque \u00e9 para jogarem \u00e0 bola e n\u00e3o estarem a mandar bocas.<\/p>\n\n\n\n<p><\/p>\n\n\n\n<p>Armando Marques, 56 anos<\/p>\n<\/div><\/div>\n\n\n\n<p><\/p>\n\n\n\n<div class=\"wp-block-media-text alignwide is-stacked-on-mobile\"><figure class=\"wp-block-media-text__media\"><img loading=\"lazy\" width=\"768\" height=\"1024\" src=\"https:\/\/www1.esev.ipv.pt\/dacomunicacao\/wp-content\/uploads\/2026\/02\/432cfcfe-4257-485c-b852-04164e7d3e02-1-768x1024.jpg\" alt=\"\" class=\"wp-image-21800 size-full\" srcset=\"https:\/\/www1.esev.ipv.pt\/dacomunicacao\/wp-content\/uploads\/2026\/02\/432cfcfe-4257-485c-b852-04164e7d3e02-1-768x1024.jpg 768w, https:\/\/www1.esev.ipv.pt\/dacomunicacao\/wp-content\/uploads\/2026\/02\/432cfcfe-4257-485c-b852-04164e7d3e02-1-225x300.jpg 225w, https:\/\/www1.esev.ipv.pt\/dacomunicacao\/wp-content\/uploads\/2026\/02\/432cfcfe-4257-485c-b852-04164e7d3e02-1-1152x1536.jpg 1152w, https:\/\/www1.esev.ipv.pt\/dacomunicacao\/wp-content\/uploads\/2026\/02\/432cfcfe-4257-485c-b852-04164e7d3e02-1.jpg 1440w\" sizes=\"(max-width: 768px) 100vw, 768px\" \/><\/figure><div class=\"wp-block-media-text__content\">\n<p><strong>Acha que o castigo a Gianluca Prestianni foi bem aplicado?<\/strong><\/p>\n\n\n\n<p>N\u00e3o, porque acho que n\u00e3o era motivo para ser castigado.<\/p>\n\n\n\n<p><\/p>\n\n\n\n<p>Jorge Pina, 53 anos<\/p>\n<\/div><\/div>\n\n\n\n<p><\/p>\n\n\n\n<div class=\"wp-block-media-text alignwide is-stacked-on-mobile\"><figure class=\"wp-block-media-text__media\"><img loading=\"lazy\" width=\"768\" height=\"1024\" src=\"https:\/\/www1.esev.ipv.pt\/dacomunicacao\/wp-content\/uploads\/2026\/02\/05c596ce-0de6-4265-8b0b-e56dbcd53e7a-768x1024.jpg\" alt=\"\" class=\"wp-image-21809 size-full\" srcset=\"https:\/\/www1.esev.ipv.pt\/dacomunicacao\/wp-content\/uploads\/2026\/02\/05c596ce-0de6-4265-8b0b-e56dbcd53e7a-768x1024.jpg 768w, https:\/\/www1.esev.ipv.pt\/dacomunicacao\/wp-content\/uploads\/2026\/02\/05c596ce-0de6-4265-8b0b-e56dbcd53e7a-225x300.jpg 225w, https:\/\/www1.esev.ipv.pt\/dacomunicacao\/wp-content\/uploads\/2026\/02\/05c596ce-0de6-4265-8b0b-e56dbcd53e7a-1152x1536.jpg 1152w, https:\/\/www1.esev.ipv.pt\/dacomunicacao\/wp-content\/uploads\/2026\/02\/05c596ce-0de6-4265-8b0b-e56dbcd53e7a.jpg 1440w\" sizes=\"(max-width: 768px) 100vw, 768px\" \/><\/figure><div class=\"wp-block-media-text__content\">\n<p><strong>Acha que o castigo a Gianluca Prestianni foi bem aplicado?<\/strong><\/p>\n\n\n\n<p>Sim, acho que at\u00e9 \u00e9 bom para o atleta, ajuda o atleta&#8230;porque ele l\u00e1 ia ser maltratado. Por isso \u00e9 ben\u00e9fico o castigo.<\/p>\n\n\n\n<p><\/p>\n\n\n\n<p>Carlos Pinheiro, 48 anos<\/p>\n<\/div><\/div>\n\n\n\n<p><\/p>\n\n\n\n<p><\/p>\n","protected":false},"excerpt":{"rendered":"<p>O #dacomunica\u00e7\u00e3o saiu \u00e0s ruas para perceber a opini\u00e3o dos viseenses sobre o castigo aplicado a Gianluca Prestianni, jogador do<\/p>\n","protected":false},"author":35,"featured_media":0,"comment_status":"open","ping_status":"open","sticky":false,"template":"","format":"standard","meta":[],"categories":[1],"tags":[],"_links":{"self":[{"href":"https:\/\/www1.esev.ipv.pt\/dacomunicacao\/index.php?rest_route=\/wp\/v2\/posts\/21760"}],"collection":[{"href":"https:\/\/www1.esev.ipv.pt\/dacomunicacao\/index.php?rest_route=\/wp\/v2\/posts"}],"about":[{"href":"https:\/\/www1.esev.ipv.pt\/dacomunicacao\/index.php?rest_route=\/wp\/v2\/types\/post"}],"author":[{"embeddable":true,"href":"https:\/\/www1.esev.ipv.pt\/dacomunicacao\/index.php?rest_route=\/wp\/v2\/users\/35"}],"replies":[{"embeddable":true,"href":"https:\/\/www1.esev.ipv.pt\/dacomunicacao\/index.php?rest_route=%2Fwp%2Fv2%2Fcomments&post=21760"}],"version-history":[{"count":2,"href":"https:\/\/www1.esev.ipv.pt\/dacomunicacao\/index.php?rest_route=\/wp\/v2\/posts\/21760\/revisions"}],"predecessor-version":[{"id":21831,"href":"https:\/\/www1.esev.ipv.pt\/dacomunicacao\/index.php?rest_route=\/wp\/v2\/posts\/21760\/revisions\/21831"}],"wp:attachment":[{"href":"https:\/\/www1.esev.ipv.pt\/dacomunicacao\/index.php?rest_route=%2Fwp%2Fv2%2Fmedia&parent=21760"}],"wp:term":[{"taxonomy":"category","embeddable":true,"href":"https:\/\/www1.esev.ipv.pt\/dacomunicacao\/index.php?rest_route=%2Fwp%2Fv2%2Fcategories&post=21760"},{"taxonomy":"post_tag","embeddable":true,"href":"https:\/\/www1.esev.ipv.pt\/dacomunicacao\/index.php?rest_route=%2Fwp%2Fv2%2Ftags&post=21760"}],"curies":[{"name":"wp","href":"https:\/\/api.w.org\/{rel}","templated":true}]}}