{"id":21750,"date":"2026-02-25T18:34:17","date_gmt":"2026-02-25T18:34:17","guid":{"rendered":"https:\/\/www1.esev.ipv.pt\/dacomunicacao\/?p=21750"},"modified":"2026-02-25T18:34:19","modified_gmt":"2026-02-25T18:34:19","slug":"viseenses-condenam-atitude-racista-no-futebol","status":"publish","type":"post","link":"https:\/\/www1.esev.ipv.pt\/dacomunicacao\/?p=21750","title":{"rendered":"Viseenses condenam atitude racista no futebol"},"content":{"rendered":"\n<p><strong><em>O #dacomunica\u00e7\u00e3o foi \u00e0 rua para saber a opini\u00e3o dos viseenses sobre a sua interpreta\u00e7\u00e3o do caso de racismo do Vinicius J\u00fanior e Prestianni.<\/em><\/strong><\/p>\n\n\n\n<p><strong>Beatriz Cadima e Bianca Dias <\/strong><\/p>\n\n\n\n<p>&#8220;Acho que as pessoas deviam ter um pouco mais de no\u00e7\u00e3o e acho que h\u00e1 coment\u00e1rios que precisam de perceber o contexto em que eles s\u00e3o ditos e a quem \u00e9 que eles s\u00e3o dirigidos.&#8221;<\/p>\n\n\n\n<figure class=\"wp-block-image size-large is-resized is-style-rounded\"><img loading=\"lazy\" src=\"https:\/\/www1.esev.ipv.pt\/dacomunicacao\/wp-content\/uploads\/2026\/02\/1000330941-2-771x1024.jpg\" alt=\"\" class=\"wp-image-21794\" width=\"725\" height=\"963\" srcset=\"https:\/\/www1.esev.ipv.pt\/dacomunicacao\/wp-content\/uploads\/2026\/02\/1000330941-2-771x1024.jpg 771w, https:\/\/www1.esev.ipv.pt\/dacomunicacao\/wp-content\/uploads\/2026\/02\/1000330941-2-226x300.jpg 226w, https:\/\/www1.esev.ipv.pt\/dacomunicacao\/wp-content\/uploads\/2026\/02\/1000330941-2-768x1020.jpg 768w, https:\/\/www1.esev.ipv.pt\/dacomunicacao\/wp-content\/uploads\/2026\/02\/1000330941-2-1157x1536.jpg 1157w, https:\/\/www1.esev.ipv.pt\/dacomunicacao\/wp-content\/uploads\/2026\/02\/1000330941-2-1542x2048.jpg 1542w, https:\/\/www1.esev.ipv.pt\/dacomunicacao\/wp-content\/uploads\/2026\/02\/1000330941-2-scaled.jpg 1928w\" sizes=\"(max-width: 725px) 100vw, 725px\" \/><figcaption>Gabriel Gomes, Ator<\/figcaption><\/figure>\n\n\n\n<p>&#8220;Eu acho que a atitude do Prestianni n\u00e3o foi adequada, o clube e a FIFA deviam tomar atitudes.&#8221; <\/p>\n\n\n\n<figure class=\"wp-block-image size-large is-style-rounded\"><img loading=\"lazy\" width=\"771\" height=\"1024\" src=\"https:\/\/www1.esev.ipv.pt\/dacomunicacao\/wp-content\/uploads\/2026\/02\/1000330948-2-771x1024.jpg\" alt=\"\" class=\"wp-image-21795\" srcset=\"https:\/\/www1.esev.ipv.pt\/dacomunicacao\/wp-content\/uploads\/2026\/02\/1000330948-2-771x1024.jpg 771w, https:\/\/www1.esev.ipv.pt\/dacomunicacao\/wp-content\/uploads\/2026\/02\/1000330948-2-226x300.jpg 226w, https:\/\/www1.esev.ipv.pt\/dacomunicacao\/wp-content\/uploads\/2026\/02\/1000330948-2-768x1020.jpg 768w, https:\/\/www1.esev.ipv.pt\/dacomunicacao\/wp-content\/uploads\/2026\/02\/1000330948-2-1157x1536.jpg 1157w, https:\/\/www1.esev.ipv.pt\/dacomunicacao\/wp-content\/uploads\/2026\/02\/1000330948-2-1542x2048.jpg 1542w, https:\/\/www1.esev.ipv.pt\/dacomunicacao\/wp-content\/uploads\/2026\/02\/1000330948-2-scaled.jpg 1928w\" sizes=\"(max-width: 771px) 100vw, 771px\" \/><figcaption>Pedro Silva, Estudante<\/figcaption><\/figure>\n\n\n\n<p>&#8220;Isso \u00e9 rid\u00edculo porque qualquer coisa \u00e9 racismo. Quer dizer, o outro tinha-se de se defender. Mas est\u00e1 na moda, tudo isto. Qualquer coisa que uma diga pessoa diga um bocadinho duro e justo, est\u00e1 na moda a palavra racista. Sem motivo nenhum porque a pessoa nem sabe tampouco o significado, por vezes, da palavra racista e parace que h\u00e1 aqui uma mistura e vitimiza\u00e7\u00e3o das pessoas&#8221;<\/p>\n\n\n\n<figure class=\"wp-block-image size-large is-style-rounded\"><img loading=\"lazy\" width=\"771\" height=\"1024\" src=\"https:\/\/www1.esev.ipv.pt\/dacomunicacao\/wp-content\/uploads\/2026\/02\/1000330933-2-771x1024.jpg\" alt=\"\" class=\"wp-image-21823\" srcset=\"https:\/\/www1.esev.ipv.pt\/dacomunicacao\/wp-content\/uploads\/2026\/02\/1000330933-2-771x1024.jpg 771w, https:\/\/www1.esev.ipv.pt\/dacomunicacao\/wp-content\/uploads\/2026\/02\/1000330933-2-226x300.jpg 226w, https:\/\/www1.esev.ipv.pt\/dacomunicacao\/wp-content\/uploads\/2026\/02\/1000330933-2-768x1020.jpg 768w, https:\/\/www1.esev.ipv.pt\/dacomunicacao\/wp-content\/uploads\/2026\/02\/1000330933-2-1157x1536.jpg 1157w, https:\/\/www1.esev.ipv.pt\/dacomunicacao\/wp-content\/uploads\/2026\/02\/1000330933-2-1542x2048.jpg 1542w, https:\/\/www1.esev.ipv.pt\/dacomunicacao\/wp-content\/uploads\/2026\/02\/1000330933-2-scaled.jpg 1928w\" sizes=\"(max-width: 771px) 100vw, 771px\" \/><figcaption>Adriano Pinto, Taxista<\/figcaption><\/figure>\n\n\n\n<p>&#8220;Eu acho a atitude do Prestianni completamente idiota. \u00c9 um jogo desportivo e coletivo e n\u00e3o devia ter uma atitude dessas, racismo \u00e9 crime e espero que a FIFA tome as atitudes adequadas para estas interven\u00e7\u00f5es erradas.&#8221;<\/p>\n\n\n\n<figure class=\"wp-block-image size-large is-style-rounded\"><img loading=\"lazy\" width=\"771\" height=\"1024\" src=\"https:\/\/www1.esev.ipv.pt\/dacomunicacao\/wp-content\/uploads\/2026\/02\/1000330946-771x1024.jpg\" alt=\"\" class=\"wp-image-21811\" srcset=\"https:\/\/www1.esev.ipv.pt\/dacomunicacao\/wp-content\/uploads\/2026\/02\/1000330946-771x1024.jpg 771w, https:\/\/www1.esev.ipv.pt\/dacomunicacao\/wp-content\/uploads\/2026\/02\/1000330946-226x300.jpg 226w, https:\/\/www1.esev.ipv.pt\/dacomunicacao\/wp-content\/uploads\/2026\/02\/1000330946-768x1020.jpg 768w, https:\/\/www1.esev.ipv.pt\/dacomunicacao\/wp-content\/uploads\/2026\/02\/1000330946-1157x1536.jpg 1157w, https:\/\/www1.esev.ipv.pt\/dacomunicacao\/wp-content\/uploads\/2026\/02\/1000330946-1542x2048.jpg 1542w, https:\/\/www1.esev.ipv.pt\/dacomunicacao\/wp-content\/uploads\/2026\/02\/1000330946-scaled.jpg 1928w\" sizes=\"(max-width: 771px) 100vw, 771px\" \/><figcaption>Malikson Emedi, Estudante<\/figcaption><\/figure>\n","protected":false},"excerpt":{"rendered":"<p>O #dacomunica\u00e7\u00e3o foi \u00e0 rua para saber a opini\u00e3o dos viseenses sobre a sua interpreta\u00e7\u00e3o do caso de racismo do<\/p>\n","protected":false},"author":35,"featured_media":14219,"comment_status":"open","ping_status":"open","sticky":false,"template":"","format":"standard","meta":[],"categories":[1],"tags":[],"_links":{"self":[{"href":"https:\/\/www1.esev.ipv.pt\/dacomunicacao\/index.php?rest_route=\/wp\/v2\/posts\/21750"}],"collection":[{"href":"https:\/\/www1.esev.ipv.pt\/dacomunicacao\/index.php?rest_route=\/wp\/v2\/posts"}],"about":[{"href":"https:\/\/www1.esev.ipv.pt\/dacomunicacao\/index.php?rest_route=\/wp\/v2\/types\/post"}],"author":[{"embeddable":true,"href":"https:\/\/www1.esev.ipv.pt\/dacomunicacao\/index.php?rest_route=\/wp\/v2\/users\/35"}],"replies":[{"embeddable":true,"href":"https:\/\/www1.esev.ipv.pt\/dacomunicacao\/index.php?rest_route=%2Fwp%2Fv2%2Fcomments&post=21750"}],"version-history":[{"count":2,"href":"https:\/\/www1.esev.ipv.pt\/dacomunicacao\/index.php?rest_route=\/wp\/v2\/posts\/21750\/revisions"}],"predecessor-version":[{"id":21853,"href":"https:\/\/www1.esev.ipv.pt\/dacomunicacao\/index.php?rest_route=\/wp\/v2\/posts\/21750\/revisions\/21853"}],"wp:featuredmedia":[{"embeddable":true,"href":"https:\/\/www1.esev.ipv.pt\/dacomunicacao\/index.php?rest_route=\/wp\/v2\/media\/14219"}],"wp:attachment":[{"href":"https:\/\/www1.esev.ipv.pt\/dacomunicacao\/index.php?rest_route=%2Fwp%2Fv2%2Fmedia&parent=21750"}],"wp:term":[{"taxonomy":"category","embeddable":true,"href":"https:\/\/www1.esev.ipv.pt\/dacomunicacao\/index.php?rest_route=%2Fwp%2Fv2%2Fcategories&post=21750"},{"taxonomy":"post_tag","embeddable":true,"href":"https:\/\/www1.esev.ipv.pt\/dacomunicacao\/index.php?rest_route=%2Fwp%2Fv2%2Ftags&post=21750"}],"curies":[{"name":"wp","href":"https:\/\/api.w.org\/{rel}","templated":true}]}}