{"id":21748,"date":"2026-02-25T18:28:32","date_gmt":"2026-02-25T18:28:32","guid":{"rendered":"https:\/\/www1.esev.ipv.pt\/dacomunicacao\/?p=21748"},"modified":"2026-02-25T18:28:35","modified_gmt":"2026-02-25T18:28:35","slug":"viseenses-defendem-mais-criatividade-na-area-do-turismo-local","status":"publish","type":"post","link":"https:\/\/www1.esev.ipv.pt\/dacomunicacao\/?p=21748","title":{"rendered":"Viseenses defendem mais criatividade na \u00e1rea do turismo local"},"content":{"rendered":"\n<p>O #dacomunica\u00e7\u00e3o foi \u00e0s ruas de Viseu questionar os viseenses sobre o que falta para aumentar o turismo na cidade. <\/p>\n\n\n\n<p>Por: Beatriz Sequeira; Matilde Pires e Matilde Brand\u00e3o. <\/p>\n\n\n\n<div class=\"wp-block-image is-style-rounded\"><figure class=\"aligncenter size-large is-resized\"><img loading=\"lazy\" src=\"https:\/\/www1.esev.ipv.pt\/dacomunicacao\/wp-content\/uploads\/2026\/02\/IMG_6123-768x1024.jpg\" alt=\"\" class=\"wp-image-21796\" width=\"293\" height=\"391\" srcset=\"https:\/\/www1.esev.ipv.pt\/dacomunicacao\/wp-content\/uploads\/2026\/02\/IMG_6123-768x1024.jpg 768w, https:\/\/www1.esev.ipv.pt\/dacomunicacao\/wp-content\/uploads\/2026\/02\/IMG_6123-225x300.jpg 225w, https:\/\/www1.esev.ipv.pt\/dacomunicacao\/wp-content\/uploads\/2026\/02\/IMG_6123-1152x1536.jpg 1152w, https:\/\/www1.esev.ipv.pt\/dacomunicacao\/wp-content\/uploads\/2026\/02\/IMG_6123.jpg 1417w\" sizes=\"(max-width: 293px) 100vw, 293px\" \/><figcaption>Eliane Ferreira &#8211; 50 anos <br>\u00c1rea: Administra\u00e7\u00e3o <\/figcaption><\/figure><\/div>\n\n\n\n<p>Eu acho que faltam mais coisas que possa fazer \u00e0 noite.\u00a0\u00a0Como por exemplo,\u00a0eles chamam de caf\u00e9s.\u00a0Eu acho que os caf\u00e9s, os restaurantes, fecham muito cedo.\u00a0Eles podem fechar mais tarde.\u00a0Eu acho que as programa\u00e7\u00f5es de Viseu\u00a0s\u00e3o muito&#8230;\u00a0s\u00e3o poucas.\u00a0Devia ter mais coisas, mais diversidade.\u00a0Essa \u00e9 a palavra. Mais diversidade.\u00a0E coisas para se fazer \u00e0 noite.\u00a0Ok, obrigada.<\/p>\n\n\n\n<div class=\"wp-block-image is-style-rounded\"><figure class=\"aligncenter size-large is-resized\"><img loading=\"lazy\" src=\"https:\/\/www1.esev.ipv.pt\/dacomunicacao\/wp-content\/uploads\/2026\/02\/IMG_6128-1-768x1024.jpg\" alt=\"\" class=\"wp-image-21798\" width=\"344\" height=\"459\" srcset=\"https:\/\/www1.esev.ipv.pt\/dacomunicacao\/wp-content\/uploads\/2026\/02\/IMG_6128-1-768x1024.jpg 768w, https:\/\/www1.esev.ipv.pt\/dacomunicacao\/wp-content\/uploads\/2026\/02\/IMG_6128-1-225x300.jpg 225w, https:\/\/www1.esev.ipv.pt\/dacomunicacao\/wp-content\/uploads\/2026\/02\/IMG_6128-1-1152x1536.jpg 1152w, https:\/\/www1.esev.ipv.pt\/dacomunicacao\/wp-content\/uploads\/2026\/02\/IMG_6128-1.jpg 1417w\" sizes=\"(max-width: 344px) 100vw, 344px\" \/><figcaption>Jo\u00e3o Martins &#8211; 23 anos <br>Estudante <\/figcaption><\/figure><\/div>\n\n\n\n<p>Acho que pode sempre haver uma maior promo\u00e7\u00e3o de eventos, tanto para os mais jovens como para os mais velhos. Acho que o mercado \u00e9 um espa\u00e7o muito agrad\u00e1vel ao ar livre e se tiver uma maior criatividade nos eventos que aqui realizam conseguem sempre trazer mais gente quer de uma gera\u00e7\u00e3o quer de outra. <\/p>\n\n\n\n<div class=\"wp-block-image is-style-rounded\"><figure class=\"aligncenter size-large is-resized\"><img loading=\"lazy\" src=\"https:\/\/www1.esev.ipv.pt\/dacomunicacao\/wp-content\/uploads\/2026\/02\/IMG_6129-768x1024.jpg\" alt=\"\" class=\"wp-image-21801\" width=\"322\" height=\"430\" srcset=\"https:\/\/www1.esev.ipv.pt\/dacomunicacao\/wp-content\/uploads\/2026\/02\/IMG_6129-768x1024.jpg 768w, https:\/\/www1.esev.ipv.pt\/dacomunicacao\/wp-content\/uploads\/2026\/02\/IMG_6129-225x300.jpg 225w, https:\/\/www1.esev.ipv.pt\/dacomunicacao\/wp-content\/uploads\/2026\/02\/IMG_6129-1152x1536.jpg 1152w, https:\/\/www1.esev.ipv.pt\/dacomunicacao\/wp-content\/uploads\/2026\/02\/IMG_6129.jpg 1417w\" sizes=\"(max-width: 322px) 100vw, 322px\" \/><figcaption>Cristiano Silva &#8211; 68 anos <br>\u00c1rea: Com\u00e9rcio <\/figcaption><\/figure><\/div>\n\n\n\n<p>Penso que compete \u00e0 C\u00e2mara Municipal arranjar um n\u00facleo de respons\u00e1veis que se aproveite\u00a0at\u00e9 atrav\u00e9s do Instituto Polit\u00e9cnico de Viseu, que tem o curso de turismo, portanto\u00a0a estagi\u00e1rios, que poderiam efetivar duas ou tr\u00eas destes estagi\u00e1rios e aproveitar\u00a0a m\u00e3o de obra que \u00e9 dada a conhecer em Viseu e ajuda a fixar tamb\u00e9m as pessoas na pr\u00f3pria\u00a0cidade.\u00a0<\/p>\n\n\n\n<div class=\"wp-block-image is-style-rounded\"><figure class=\"aligncenter size-large is-resized\"><img loading=\"lazy\" src=\"https:\/\/www1.esev.ipv.pt\/dacomunicacao\/wp-content\/uploads\/2026\/02\/IMG_6132-768x1024.jpg\" alt=\"\" class=\"wp-image-21810\" width=\"320\" height=\"428\" srcset=\"https:\/\/www1.esev.ipv.pt\/dacomunicacao\/wp-content\/uploads\/2026\/02\/IMG_6132-768x1024.jpg 768w, https:\/\/www1.esev.ipv.pt\/dacomunicacao\/wp-content\/uploads\/2026\/02\/IMG_6132-225x300.jpg 225w, https:\/\/www1.esev.ipv.pt\/dacomunicacao\/wp-content\/uploads\/2026\/02\/IMG_6132-1152x1536.jpg 1152w, https:\/\/www1.esev.ipv.pt\/dacomunicacao\/wp-content\/uploads\/2026\/02\/IMG_6132.jpg 1417w\" sizes=\"(max-width: 320px) 100vw, 320px\" \/><figcaption>Josiana Noutel &#8211; 36 anos <br>\u00c1rea: Com\u00e9rcio <\/figcaption><\/figure><\/div>\n\n\n\n<p>Acima de tudo precisamos de uma divulga\u00e7\u00e3o maior daquilo que a cidade de Viseu tem para oferecer.\u00a0\u00a0\u00c9 uma das coisas mais importantes, porque h\u00e1 uns anos atr\u00e1s faziam-se muitos eventos\u00a0e que traziam imensa gente a esses eventos, como o folclore e afins.\u00a0\u00a0E hoje em dia n\u00e3o existe, assim, tantos eventos que consigam levar o que \u00e9 Viseu a quatro cantos do mundo,\u00a0digamos o que acontecia antes.\u00a0Por isso, acima de tudo h\u00e1 alguma comunica\u00e7\u00e3o e divulga\u00e7\u00e3o.<\/p>\n\n\n\n<p><\/p>\n","protected":false},"excerpt":{"rendered":"<p>O #dacomunica\u00e7\u00e3o foi \u00e0s ruas de Viseu questionar os viseenses sobre o que falta para aumentar o turismo na cidade.<\/p>\n","protected":false},"author":16,"featured_media":17910,"comment_status":"open","ping_status":"open","sticky":false,"template":"","format":"standard","meta":[],"categories":[1],"tags":[],"_links":{"self":[{"href":"https:\/\/www1.esev.ipv.pt\/dacomunicacao\/index.php?rest_route=\/wp\/v2\/posts\/21748"}],"collection":[{"href":"https:\/\/www1.esev.ipv.pt\/dacomunicacao\/index.php?rest_route=\/wp\/v2\/posts"}],"about":[{"href":"https:\/\/www1.esev.ipv.pt\/dacomunicacao\/index.php?rest_route=\/wp\/v2\/types\/post"}],"author":[{"embeddable":true,"href":"https:\/\/www1.esev.ipv.pt\/dacomunicacao\/index.php?rest_route=\/wp\/v2\/users\/16"}],"replies":[{"embeddable":true,"href":"https:\/\/www1.esev.ipv.pt\/dacomunicacao\/index.php?rest_route=%2Fwp%2Fv2%2Fcomments&post=21748"}],"version-history":[{"count":1,"href":"https:\/\/www1.esev.ipv.pt\/dacomunicacao\/index.php?rest_route=\/wp\/v2\/posts\/21748\/revisions"}],"predecessor-version":[{"id":21830,"href":"https:\/\/www1.esev.ipv.pt\/dacomunicacao\/index.php?rest_route=\/wp\/v2\/posts\/21748\/revisions\/21830"}],"wp:featuredmedia":[{"embeddable":true,"href":"https:\/\/www1.esev.ipv.pt\/dacomunicacao\/index.php?rest_route=\/wp\/v2\/media\/17910"}],"wp:attachment":[{"href":"https:\/\/www1.esev.ipv.pt\/dacomunicacao\/index.php?rest_route=%2Fwp%2Fv2%2Fmedia&parent=21748"}],"wp:term":[{"taxonomy":"category","embeddable":true,"href":"https:\/\/www1.esev.ipv.pt\/dacomunicacao\/index.php?rest_route=%2Fwp%2Fv2%2Fcategories&post=21748"},{"taxonomy":"post_tag","embeddable":true,"href":"https:\/\/www1.esev.ipv.pt\/dacomunicacao\/index.php?rest_route=%2Fwp%2Fv2%2Ftags&post=21748"}],"curies":[{"name":"wp","href":"https:\/\/api.w.org\/{rel}","templated":true}]}}