{"id":21746,"date":"2026-02-25T18:35:36","date_gmt":"2026-02-25T18:35:36","guid":{"rendered":"https:\/\/www1.esev.ipv.pt\/dacomunicacao\/?p=21746"},"modified":"2026-02-26T11:41:41","modified_gmt":"2026-02-26T11:41:41","slug":"semana-academica-de-viseu-estudantes-revelam-os-artistas-que-gostariam-de-ver-anunciados-nesta-edicao-de-2026","status":"publish","type":"post","link":"https:\/\/www1.esev.ipv.pt\/dacomunicacao\/?p=21746","title":{"rendered":"Semana Acad\u00e9mica de Viseu: Estudantes revelam quem gostariam de ver na edi\u00e7\u00e3o de 2026"},"content":{"rendered":"\n<p><strong><em>A Semana Acad\u00e9mica de Viseu ir\u00e1 acontecer entre os dias 24 a 30 de abril com nomes como Deejay Telio e Dillaz j\u00e1 confirmados. O #dacomunica\u00e7\u00e3o saiu \u00e0 rua para perceber as expectativas dos estudantes em rela\u00e7\u00e3o ao evento, que artistas gostariam de ver anunciados e opini\u00f5es do que faz falta na semana acad\u00e9mica.<\/em><\/strong><\/p>\n\n\n\n<p><strong>Por: Daniela Costa, Diana Carvalho<\/strong><\/p>\n\n\n\n<div class=\"wp-block-media-text alignwide is-stacked-on-mobile is-vertically-aligned-center\" style=\"grid-template-columns:25% auto\"><figure class=\"wp-block-media-text__media\"><img loading=\"lazy\" width=\"576\" height=\"1024\" src=\"https:\/\/www1.esev.ipv.pt\/dacomunicacao\/wp-content\/uploads\/2026\/02\/IMG_1564-2-576x1024.jpeg\" alt=\"\" class=\"wp-image-21786 size-full\" srcset=\"https:\/\/www1.esev.ipv.pt\/dacomunicacao\/wp-content\/uploads\/2026\/02\/IMG_1564-2-576x1024.jpeg 576w, https:\/\/www1.esev.ipv.pt\/dacomunicacao\/wp-content\/uploads\/2026\/02\/IMG_1564-2-169x300.jpeg 169w, https:\/\/www1.esev.ipv.pt\/dacomunicacao\/wp-content\/uploads\/2026\/02\/IMG_1564-2-768x1365.jpeg 768w, https:\/\/www1.esev.ipv.pt\/dacomunicacao\/wp-content\/uploads\/2026\/02\/IMG_1564-2-864x1536.jpeg 864w, https:\/\/www1.esev.ipv.pt\/dacomunicacao\/wp-content\/uploads\/2026\/02\/IMG_1564-2-1152x2048.jpeg 1152w, https:\/\/www1.esev.ipv.pt\/dacomunicacao\/wp-content\/uploads\/2026\/02\/IMG_1564-2-scaled.jpeg 1440w\" sizes=\"(max-width: 576px) 100vw, 576px\" \/><\/figure><div class=\"wp-block-media-text__content\">\n<p style=\"font-size:14px\">Eu gostaria que fosse anunciado, por exemplo, o Plut\u00f3nio porque \u00e9 um artista que eu pessoalmente gosto muito e acho que tamb\u00e9m est\u00e1 muito em alta aqui em Portugal e nunca c\u00e1 esteve, acho eu.&nbsp;Por isso acho que era um artista diferente e que toda a gente ia gostar.&nbsp;&nbsp;Eu acho que o que falta na semana acad\u00e9mica de Viseu, \u00e9 como por exemplo, em Coimbra que tem aquelas barraquinhas de curso.&nbsp;Acho que era uma ideia diferente e tamb\u00e9m inovadora para aqui e acho que era engra\u00e7ado.<\/p>\n\n\n\n<p style=\"font-size:12px\"><em>Nicole Pina,<\/em> 21 anos<\/p>\n<\/div><\/div>\n\n\n\n<div class=\"wp-block-media-text alignwide is-stacked-on-mobile\" style=\"grid-template-columns:25% auto\"><figure class=\"wp-block-media-text__media\"><img loading=\"lazy\" width=\"576\" height=\"1024\" src=\"https:\/\/www1.esev.ipv.pt\/dacomunicacao\/wp-content\/uploads\/2026\/02\/IMG_1568-1-576x1024.jpeg\" alt=\"\" class=\"wp-image-21793 size-full\" srcset=\"https:\/\/www1.esev.ipv.pt\/dacomunicacao\/wp-content\/uploads\/2026\/02\/IMG_1568-1-576x1024.jpeg 576w, https:\/\/www1.esev.ipv.pt\/dacomunicacao\/wp-content\/uploads\/2026\/02\/IMG_1568-1-169x300.jpeg 169w, https:\/\/www1.esev.ipv.pt\/dacomunicacao\/wp-content\/uploads\/2026\/02\/IMG_1568-1-768x1365.jpeg 768w, https:\/\/www1.esev.ipv.pt\/dacomunicacao\/wp-content\/uploads\/2026\/02\/IMG_1568-1-864x1536.jpeg 864w, https:\/\/www1.esev.ipv.pt\/dacomunicacao\/wp-content\/uploads\/2026\/02\/IMG_1568-1-1152x2048.jpeg 1152w, https:\/\/www1.esev.ipv.pt\/dacomunicacao\/wp-content\/uploads\/2026\/02\/IMG_1568-1-scaled.jpeg 1440w\" sizes=\"(max-width: 576px) 100vw, 576px\" \/><\/figure><div class=\"wp-block-media-text__content\">\n<p style=\"font-size:14px\">Gostaria de ver anunciado o Richie Campbell porque acho que seria uma boa jun\u00e7\u00e3o ao cartaz e \u00e9 um artista que me chama a aten\u00e7\u00e3o, e sinto que falta um pouco mais de alguma diversidade de bebida.<\/p>\n\n\n\n<p style=\"font-size:12px\"><em>Pedro Perdig\u00e3o<\/em>, 20 anos <\/p>\n<\/div><\/div>\n\n\n\n<div class=\"wp-block-media-text alignwide is-stacked-on-mobile\" style=\"grid-template-columns:25% auto\"><figure class=\"wp-block-media-text__media\"><img loading=\"lazy\" width=\"576\" height=\"1024\" src=\"https:\/\/www1.esev.ipv.pt\/dacomunicacao\/wp-content\/uploads\/2026\/02\/IMG_1566-576x1024.jpeg\" alt=\"\" class=\"wp-image-21789 size-full\" srcset=\"https:\/\/www1.esev.ipv.pt\/dacomunicacao\/wp-content\/uploads\/2026\/02\/IMG_1566-576x1024.jpeg 576w, https:\/\/www1.esev.ipv.pt\/dacomunicacao\/wp-content\/uploads\/2026\/02\/IMG_1566-169x300.jpeg 169w, https:\/\/www1.esev.ipv.pt\/dacomunicacao\/wp-content\/uploads\/2026\/02\/IMG_1566-768x1365.jpeg 768w, https:\/\/www1.esev.ipv.pt\/dacomunicacao\/wp-content\/uploads\/2026\/02\/IMG_1566-864x1536.jpeg 864w, https:\/\/www1.esev.ipv.pt\/dacomunicacao\/wp-content\/uploads\/2026\/02\/IMG_1566-1152x2048.jpeg 1152w, https:\/\/www1.esev.ipv.pt\/dacomunicacao\/wp-content\/uploads\/2026\/02\/IMG_1566-scaled.jpeg 1440w\" sizes=\"(max-width: 576px) 100vw, 576px\" \/><\/figure><div class=\"wp-block-media-text__content\">\n<p style=\"font-size:14px\">Acho que Capit\u00e3o Fausto seriam uma boa escolha se calhar e sinto que a semana acad\u00e9mica  j\u00e1 tem tudo o que precisa. Tem divers\u00e3o, tem comunidade, tem amor, eu acho que tem tudo j\u00e1. <\/p>\n\n\n\n<p style=\"font-size:12px\"><em>Ana Batista<\/em>, 19 anos<\/p>\n<\/div><\/div>\n\n\n\n<div class=\"wp-block-media-text alignwide is-stacked-on-mobile\" style=\"grid-template-columns:25% auto\"><figure class=\"wp-block-media-text__media\"><img loading=\"lazy\" width=\"576\" height=\"1024\" src=\"https:\/\/www1.esev.ipv.pt\/dacomunicacao\/wp-content\/uploads\/2026\/02\/IMG_1567-1-576x1024.jpeg\" alt=\"\" class=\"wp-image-21827 size-full\" srcset=\"https:\/\/www1.esev.ipv.pt\/dacomunicacao\/wp-content\/uploads\/2026\/02\/IMG_1567-1-576x1024.jpeg 576w, https:\/\/www1.esev.ipv.pt\/dacomunicacao\/wp-content\/uploads\/2026\/02\/IMG_1567-1-169x300.jpeg 169w, https:\/\/www1.esev.ipv.pt\/dacomunicacao\/wp-content\/uploads\/2026\/02\/IMG_1567-1-768x1365.jpeg 768w, https:\/\/www1.esev.ipv.pt\/dacomunicacao\/wp-content\/uploads\/2026\/02\/IMG_1567-1-864x1536.jpeg 864w, https:\/\/www1.esev.ipv.pt\/dacomunicacao\/wp-content\/uploads\/2026\/02\/IMG_1567-1-1152x2048.jpeg 1152w, https:\/\/www1.esev.ipv.pt\/dacomunicacao\/wp-content\/uploads\/2026\/02\/IMG_1567-1-scaled.jpeg 1440w\" sizes=\"(max-width: 576px) 100vw, 576px\" \/><\/figure><div class=\"wp-block-media-text__content\">\n<p style=\"font-size:14px\">Ah, eu gostava que adicionassem o Lon3r Johny ou o Van Zee ao cartaz porque s\u00e3o grandes nomes da ind\u00fastria musical portuguesa atualmente. Para mim a FAV tem feito um bom trabalho e est\u00e1 perfeito, bacano e estou a gostar de como est\u00e1 a ser organizada. <\/p>\n\n\n\n<p style=\"font-size:12px\"><em>Vasco Silva<\/em>, 20 anos<\/p>\n<\/div><\/div>\n","protected":false},"excerpt":{"rendered":"<p>A Semana Acad\u00e9mica de Viseu ir\u00e1 acontecer entre os dias 24 a 30 de abril com nomes como Deejay Telio<\/p>\n","protected":false},"author":49,"featured_media":21837,"comment_status":"open","ping_status":"open","sticky":false,"template":"","format":"standard","meta":[],"categories":[1,462],"tags":[131,2432],"_links":{"self":[{"href":"https:\/\/www1.esev.ipv.pt\/dacomunicacao\/index.php?rest_route=\/wp\/v2\/posts\/21746"}],"collection":[{"href":"https:\/\/www1.esev.ipv.pt\/dacomunicacao\/index.php?rest_route=\/wp\/v2\/posts"}],"about":[{"href":"https:\/\/www1.esev.ipv.pt\/dacomunicacao\/index.php?rest_route=\/wp\/v2\/types\/post"}],"author":[{"embeddable":true,"href":"https:\/\/www1.esev.ipv.pt\/dacomunicacao\/index.php?rest_route=\/wp\/v2\/users\/49"}],"replies":[{"embeddable":true,"href":"https:\/\/www1.esev.ipv.pt\/dacomunicacao\/index.php?rest_route=%2Fwp%2Fv2%2Fcomments&post=21746"}],"version-history":[{"count":2,"href":"https:\/\/www1.esev.ipv.pt\/dacomunicacao\/index.php?rest_route=\/wp\/v2\/posts\/21746\/revisions"}],"predecessor-version":[{"id":21852,"href":"https:\/\/www1.esev.ipv.pt\/dacomunicacao\/index.php?rest_route=\/wp\/v2\/posts\/21746\/revisions\/21852"}],"wp:featuredmedia":[{"embeddable":true,"href":"https:\/\/www1.esev.ipv.pt\/dacomunicacao\/index.php?rest_route=\/wp\/v2\/media\/21837"}],"wp:attachment":[{"href":"https:\/\/www1.esev.ipv.pt\/dacomunicacao\/index.php?rest_route=%2Fwp%2Fv2%2Fmedia&parent=21746"}],"wp:term":[{"taxonomy":"category","embeddable":true,"href":"https:\/\/www1.esev.ipv.pt\/dacomunicacao\/index.php?rest_route=%2Fwp%2Fv2%2Fcategories&post=21746"},{"taxonomy":"post_tag","embeddable":true,"href":"https:\/\/www1.esev.ipv.pt\/dacomunicacao\/index.php?rest_route=%2Fwp%2Fv2%2Ftags&post=21746"}],"curies":[{"name":"wp","href":"https:\/\/api.w.org\/{rel}","templated":true}]}}