{"id":21742,"date":"2026-02-25T18:24:25","date_gmt":"2026-02-25T18:24:25","guid":{"rendered":"https:\/\/www1.esev.ipv.pt\/dacomunicacao\/?p=21742"},"modified":"2026-02-25T18:24:27","modified_gmt":"2026-02-25T18:24:27","slug":"viseenses-confiantes-na-subida-a-primeira","status":"publish","type":"post","link":"https:\/\/www1.esev.ipv.pt\/dacomunicacao\/?p=21742","title":{"rendered":"Viseenses confiantes na subida \u00e0 primeira"},"content":{"rendered":"\n<p>O #dacomunica\u00e7\u00e3o saiu \u00e0 rua para conhecer a opini\u00e3o dos viseenses ao sonho da subida do Academico de Viseu \u00e0 Liga Betclic, algo que n\u00e3o acontece desde a \u00e9poca 1988\/89. \u00c9 com grande ambi\u00e7\u00e3o que o povo viriato aborda a possivel subida de divis\u00e3o, ap\u00f3s a vit\u00f3ria por 0-1 no passado domingo em Portim\u00e3o frente ao portimonense. Com este resultado a equipa orientada por S\u00e9rgio Fonseca continua na persegui\u00e7\u00e3o ao Maritimo, 1.\u00ba classificado, na qual se enfrentam este domingo as 14h no est\u00e1dio do Fontelo. <\/p>\n\n\n\n<p>Por Sim\u00e3o Gomes e M\u00e1rio Oliveira<\/p>\n\n\n\n<p>Quais s\u00e3o as possibilidades do Acad\u00e9mico de Viseu subir de divis\u00e3o?<\/p>\n\n\n\n<p>Qual o progn\u00f3stico para o jogo de domingo frente ao Mar\u00edtimo, 1\u00ba classificado da Liga 2?<\/p>\n\n\n\n<div class=\"wp-block-media-text alignwide is-stacked-on-mobile\" style=\"grid-template-columns:27% auto\"><figure class=\"wp-block-media-text__media\"><img loading=\"lazy\" width=\"768\" height=\"1024\" src=\"https:\/\/www1.esev.ipv.pt\/dacomunicacao\/wp-content\/uploads\/2026\/02\/IMG_1119-1-768x1024-1.jpg\" alt=\"\" class=\"wp-image-21758 size-full\" srcset=\"https:\/\/www1.esev.ipv.pt\/dacomunicacao\/wp-content\/uploads\/2026\/02\/IMG_1119-1-768x1024-1.jpg 768w, https:\/\/www1.esev.ipv.pt\/dacomunicacao\/wp-content\/uploads\/2026\/02\/IMG_1119-1-768x1024-1-225x300.jpg 225w\" sizes=\"(max-width: 768px) 100vw, 768px\" \/><\/figure><div class=\"wp-block-media-text__content\">\n<p><\/p>\n\n\n\n<p><\/p>\n\n\n\n<p>&#8220;Muitas, muitas. Eles est\u00e3o a jogar muito bem, gra\u00e7as a Deus.\u00a0Est\u00e1-se a sair muito bem.A credito que eles v\u00e3o subir.\u00a0Eu acho que eles v\u00e3o ganhar. O Clovis est\u00e1 a\u00ed, eu acho que ele vai dar o m\u00e1ximo. Tenho f\u00e9 e confio nos jogadores.&#8221;<\/p>\n\n\n\n<p>S\u00f3nia da Silva, 42 anos <\/p>\n<\/div><\/div>\n\n\n\n<div class=\"wp-block-media-text alignwide has-media-on-the-right is-stacked-on-mobile\" style=\"grid-template-columns:auto 27%\"><figure class=\"wp-block-media-text__media\"><img loading=\"lazy\" width=\"758\" height=\"1024\" src=\"https:\/\/www1.esev.ipv.pt\/dacomunicacao\/wp-content\/uploads\/2026\/02\/IMG_1122-758x1024.jpeg\" alt=\"\" class=\"wp-image-21764 size-full\" srcset=\"https:\/\/www1.esev.ipv.pt\/dacomunicacao\/wp-content\/uploads\/2026\/02\/IMG_1122-758x1024.jpeg 758w, https:\/\/www1.esev.ipv.pt\/dacomunicacao\/wp-content\/uploads\/2026\/02\/IMG_1122-222x300.jpeg 222w, https:\/\/www1.esev.ipv.pt\/dacomunicacao\/wp-content\/uploads\/2026\/02\/IMG_1122-768x1038.jpeg 768w, https:\/\/www1.esev.ipv.pt\/dacomunicacao\/wp-content\/uploads\/2026\/02\/IMG_1122-1137x1536.jpeg 1137w, https:\/\/www1.esev.ipv.pt\/dacomunicacao\/wp-content\/uploads\/2026\/02\/IMG_1122.jpeg 1167w\" sizes=\"(max-width: 758px) 100vw, 758px\" \/><\/figure><div class=\"wp-block-media-text__content\">\n<p><\/p>\n\n\n\n<p><\/p>\n\n\n\n<p>&#8220;Para mim tem toda a possibilidade, para mim vai subir de divis\u00e3o.\u00a0Vai ganhar 1-0 com o golo do Cl\u00f3vis.&#8221;<\/p>\n\n\n\n<p><\/p>\n\n\n\n<p>Paulo Garcia, Vendedor<\/p>\n<\/div><\/div>\n\n\n\n<div class=\"wp-block-media-text alignwide is-stacked-on-mobile\" style=\"grid-template-columns:27% auto\"><figure class=\"wp-block-media-text__media\"><img loading=\"lazy\" width=\"454\" height=\"1024\" src=\"https:\/\/www1.esev.ipv.pt\/dacomunicacao\/wp-content\/uploads\/2026\/02\/IMG_1125-454x1024.jpeg\" alt=\"\" class=\"wp-image-21766 size-full\" srcset=\"https:\/\/www1.esev.ipv.pt\/dacomunicacao\/wp-content\/uploads\/2026\/02\/IMG_1125-454x1024.jpeg 454w, https:\/\/www1.esev.ipv.pt\/dacomunicacao\/wp-content\/uploads\/2026\/02\/IMG_1125-133x300.jpeg 133w, https:\/\/www1.esev.ipv.pt\/dacomunicacao\/wp-content\/uploads\/2026\/02\/IMG_1125-768x1731.jpeg 768w, https:\/\/www1.esev.ipv.pt\/dacomunicacao\/wp-content\/uploads\/2026\/02\/IMG_1125-681x1536.jpeg 681w, https:\/\/www1.esev.ipv.pt\/dacomunicacao\/wp-content\/uploads\/2026\/02\/IMG_1125-908x2048.jpeg 908w, https:\/\/www1.esev.ipv.pt\/dacomunicacao\/wp-content\/uploads\/2026\/02\/IMG_1125-scaled.jpeg 1136w\" sizes=\"(max-width: 454px) 100vw, 454px\" \/><\/figure><div class=\"wp-block-media-text__content\">\n<p><\/p>\n\n\n\n<p>&#8220;Dadas as circunst\u00e2ncias que ganhou o \u00faltimo jogo no fim de semana,\u00a0provavelmente s\u00e3o boas, sim.\u00a0Vai ser um jogo dif\u00edcil. O primeiro classificado \u00e9 um jogo dif\u00edcil, sim, 1-0, outra vez para o acad\u00e9mico.&#8221;<\/p>\n\n\n\n<p><\/p>\n\n\n\n<p>H\u00e9lder Costa, Estudante<\/p>\n<\/div><\/div>\n\n\n\n<div class=\"wp-block-media-text alignwide has-media-on-the-right is-stacked-on-mobile\" style=\"grid-template-columns:auto 27%\"><figure class=\"wp-block-media-text__media\"><img loading=\"lazy\" width=\"566\" height=\"1024\" src=\"https:\/\/www1.esev.ipv.pt\/dacomunicacao\/wp-content\/uploads\/2026\/02\/IMG_1124-566x1024.jpeg\" alt=\"\" class=\"wp-image-21791 size-full\" srcset=\"https:\/\/www1.esev.ipv.pt\/dacomunicacao\/wp-content\/uploads\/2026\/02\/IMG_1124-566x1024.jpeg 566w, https:\/\/www1.esev.ipv.pt\/dacomunicacao\/wp-content\/uploads\/2026\/02\/IMG_1124-166x300.jpeg 166w, https:\/\/www1.esev.ipv.pt\/dacomunicacao\/wp-content\/uploads\/2026\/02\/IMG_1124-768x1388.jpeg 768w, https:\/\/www1.esev.ipv.pt\/dacomunicacao\/wp-content\/uploads\/2026\/02\/IMG_1124-850x1536.jpeg 850w, https:\/\/www1.esev.ipv.pt\/dacomunicacao\/wp-content\/uploads\/2026\/02\/IMG_1124-1133x2048.jpeg 1133w, https:\/\/www1.esev.ipv.pt\/dacomunicacao\/wp-content\/uploads\/2026\/02\/IMG_1124-scaled.jpeg 1416w\" sizes=\"(max-width: 566px) 100vw, 566px\" \/><\/figure><div class=\"wp-block-media-text__content\">\n<p><\/p>\n\n\n\n<p>&#8220;Acho que tem umas grandes chances, est\u00e1, est\u00e1 a jogar bem e acho que sim, que, que vamos conseguir ganhar. Se calhar conseguimos ganhar, deve ficar para a\u00ed 1-0 ou 2-1. Acho que \u00e9 um bom resultado.&#8221;<\/p>\n\n\n\n<p><\/p>\n\n\n\n<p>Andr\u00e9 Clovis \u00e9 a principal refencia da equipa e espera-se uma grande exibi\u00e7\u00e3o da equipa viseense com uma vitoria e assim aproximar-se do 1\u00ba lugar da competi\u00e7\u00e3o e refor\u00e7ar a candidatura \u00e0 subida de divis\u00e3o e at\u00e9 mesmo \u00e0 conquista da Liga 2 Meu Super. <\/p>\n\n\n\n<p><\/p>\n\n\n\n<p>Leonardo Vaz Paulo, Estudante<\/p>\n<\/div><\/div>\n","protected":false},"excerpt":{"rendered":"<p>O #dacomunica\u00e7\u00e3o saiu \u00e0 rua para conhecer a opini\u00e3o dos viseenses ao sonho da subida do Academico de Viseu \u00e0<\/p>\n","protected":false},"author":44,"featured_media":16266,"comment_status":"open","ping_status":"open","sticky":false,"template":"","format":"standard","meta":[],"categories":[1],"tags":[],"_links":{"self":[{"href":"https:\/\/www1.esev.ipv.pt\/dacomunicacao\/index.php?rest_route=\/wp\/v2\/posts\/21742"}],"collection":[{"href":"https:\/\/www1.esev.ipv.pt\/dacomunicacao\/index.php?rest_route=\/wp\/v2\/posts"}],"about":[{"href":"https:\/\/www1.esev.ipv.pt\/dacomunicacao\/index.php?rest_route=\/wp\/v2\/types\/post"}],"author":[{"embeddable":true,"href":"https:\/\/www1.esev.ipv.pt\/dacomunicacao\/index.php?rest_route=\/wp\/v2\/users\/44"}],"replies":[{"embeddable":true,"href":"https:\/\/www1.esev.ipv.pt\/dacomunicacao\/index.php?rest_route=%2Fwp%2Fv2%2Fcomments&post=21742"}],"version-history":[{"count":4,"href":"https:\/\/www1.esev.ipv.pt\/dacomunicacao\/index.php?rest_route=\/wp\/v2\/posts\/21742\/revisions"}],"predecessor-version":[{"id":21818,"href":"https:\/\/www1.esev.ipv.pt\/dacomunicacao\/index.php?rest_route=\/wp\/v2\/posts\/21742\/revisions\/21818"}],"wp:featuredmedia":[{"embeddable":true,"href":"https:\/\/www1.esev.ipv.pt\/dacomunicacao\/index.php?rest_route=\/wp\/v2\/media\/16266"}],"wp:attachment":[{"href":"https:\/\/www1.esev.ipv.pt\/dacomunicacao\/index.php?rest_route=%2Fwp%2Fv2%2Fmedia&parent=21742"}],"wp:term":[{"taxonomy":"category","embeddable":true,"href":"https:\/\/www1.esev.ipv.pt\/dacomunicacao\/index.php?rest_route=%2Fwp%2Fv2%2Fcategories&post=21742"},{"taxonomy":"post_tag","embeddable":true,"href":"https:\/\/www1.esev.ipv.pt\/dacomunicacao\/index.php?rest_route=%2Fwp%2Fv2%2Ftags&post=21742"}],"curies":[{"name":"wp","href":"https:\/\/api.w.org\/{rel}","templated":true}]}}