{"id":21158,"date":"2025-10-09T12:56:56","date_gmt":"2025-10-09T12:56:56","guid":{"rendered":"https:\/\/www1.esev.ipv.pt\/dacomunicacao\/?p=21158"},"modified":"2025-10-09T12:56:57","modified_gmt":"2025-10-09T12:56:57","slug":"de-sergio-para-sergio-fonseca-assume-o-comando-do-academico-de-viseu","status":"publish","type":"post","link":"https:\/\/www1.esev.ipv.pt\/dacomunicacao\/?p=21158","title":{"rendered":"De S\u00e9rgio para S\u00e9rgio: Fonseca assume o comando do Acad\u00e9mico de Viseu"},"content":{"rendered":"\n<p><strong><em>O Acad\u00e9mico de Viseu anunciou, esta segunda-feira, a rescis\u00e3o de contrato com o t\u00e9cnico<br>S\u00e9rgio Vieira. O treinador portugu\u00eas, de 42 anos, e a SAD do clube viseense chegaram a<br>acordo para o t\u00e9rmino do v\u00ednculo que unia as duas partes desde janeiro deste ano.<\/em><\/strong><\/p>\n\n\n\n<p><strong>Por: Filipa Leal<\/strong><\/p>\n\n\n\n<p>O ex-t\u00e9cnico do Famalic\u00e3o e do Estrela de Amadora, ao servi\u00e7o da equipa beir\u00e3, somou<br>26 jogos, dos quais seis vit\u00f3rias, 11 empates e nove derrotas. Na \u00e9poca 2025\/2026 da Liga<br>Portugal 2 Meu Super, j\u00e1 disputadas sete jornadas, os viriatos ocupam o 15\u00ba lugar, com<br>tr\u00eas empates, tr\u00eas derrotas e apenas uma vit\u00f3ria frente ao FC Porto B, na quarta ronda. A<br>equipa viseense soma ainda um triunfo na Ta\u00e7a de Portugal diante do Portalegrense. Um<br>arranque aqu\u00e9m para um clube que iniciou a temporada com o objetivo de lutar pelos<br>primeiros lugares.<\/p>\n\n\n\n<p>Em comunicado, o clube agradeceu ao treinador \u201cpela dedica\u00e7\u00e3o, profissionalismo e<br>exig\u00eancia com os quais sempre serviu o nosso emblema Beir\u00e3o\u201d.<\/p>\n\n\n\n<p>A lideran\u00e7a t\u00e9cnica passa agora a ser assegurada por S\u00e9rgio Fonseca, treinador da equipa<br>Sub-23, que lidera a S\u00e9rie A da Liga Revela\u00e7\u00e3o, estando com um registo positivo de<br>quatro vit\u00f3rias, um empate e uma derrota na competi\u00e7\u00e3o.<\/p>\n\n\n\n<p>O t\u00e9cnico viseense est\u00e1 ligado ao clube h\u00e1 quatro temporadas e tem sido uma pe\u00e7a-chave<br>na integra\u00e7\u00e3o dos jovens da forma\u00e7\u00e3o na equipa principal, uma aposta assumida pela atual<br>SAD.<\/p>\n\n\n\n<p>S\u00e9rgio Fonseca aproveitar\u00e1 a pausa competitiva para ajustar o plantel \u00e0s suas ideias, tendo<br>pela frente a estreia na Ta\u00e7a de Portugal, frente ao Gil Vicente, no dia 18 de outubro. O<br>Acad\u00e9mico regressa \u00e0 Liga 2 a 26 de outubro, com uma rece\u00e7\u00e3o ao Desportivo de Chaves,<br>jogo em que Fonseca dever\u00e1 estrear-se oficialmente no comando t\u00e9cnico.<\/p>\n","protected":false},"excerpt":{"rendered":"<p>O Acad\u00e9mico de Viseu anunciou, esta segunda-feira, a rescis\u00e3o de contrato com o t\u00e9cnicoS\u00e9rgio Vieira. O treinador portugu\u00eas, de 42<\/p>\n","protected":false},"author":37,"featured_media":16390,"comment_status":"open","ping_status":"open","sticky":false,"template":"","format":"standard","meta":[],"categories":[13,462],"tags":[500,5075],"_links":{"self":[{"href":"https:\/\/www1.esev.ipv.pt\/dacomunicacao\/index.php?rest_route=\/wp\/v2\/posts\/21158"}],"collection":[{"href":"https:\/\/www1.esev.ipv.pt\/dacomunicacao\/index.php?rest_route=\/wp\/v2\/posts"}],"about":[{"href":"https:\/\/www1.esev.ipv.pt\/dacomunicacao\/index.php?rest_route=\/wp\/v2\/types\/post"}],"author":[{"embeddable":true,"href":"https:\/\/www1.esev.ipv.pt\/dacomunicacao\/index.php?rest_route=\/wp\/v2\/users\/37"}],"replies":[{"embeddable":true,"href":"https:\/\/www1.esev.ipv.pt\/dacomunicacao\/index.php?rest_route=%2Fwp%2Fv2%2Fcomments&post=21158"}],"version-history":[{"count":1,"href":"https:\/\/www1.esev.ipv.pt\/dacomunicacao\/index.php?rest_route=\/wp\/v2\/posts\/21158\/revisions"}],"predecessor-version":[{"id":21159,"href":"https:\/\/www1.esev.ipv.pt\/dacomunicacao\/index.php?rest_route=\/wp\/v2\/posts\/21158\/revisions\/21159"}],"wp:featuredmedia":[{"embeddable":true,"href":"https:\/\/www1.esev.ipv.pt\/dacomunicacao\/index.php?rest_route=\/wp\/v2\/media\/16390"}],"wp:attachment":[{"href":"https:\/\/www1.esev.ipv.pt\/dacomunicacao\/index.php?rest_route=%2Fwp%2Fv2%2Fmedia&parent=21158"}],"wp:term":[{"taxonomy":"category","embeddable":true,"href":"https:\/\/www1.esev.ipv.pt\/dacomunicacao\/index.php?rest_route=%2Fwp%2Fv2%2Fcategories&post=21158"},{"taxonomy":"post_tag","embeddable":true,"href":"https:\/\/www1.esev.ipv.pt\/dacomunicacao\/index.php?rest_route=%2Fwp%2Fv2%2Ftags&post=21158"}],"curies":[{"name":"wp","href":"https:\/\/api.w.org\/{rel}","templated":true}]}}