{"id":20321,"date":"2025-03-27T17:30:38","date_gmt":"2025-03-27T17:30:38","guid":{"rendered":"https:\/\/www1.esev.ipv.pt\/dacomunicacao\/?p=20321"},"modified":"2025-03-27T17:30:40","modified_gmt":"2025-03-27T17:30:40","slug":"mestrado-em-comunicacao-aplicada-organiza-iii-ciclo-mca-talks","status":"publish","type":"post","link":"https:\/\/www1.esev.ipv.pt\/dacomunicacao\/?p=20321","title":{"rendered":"Mestrado em Comunica\u00e7\u00e3o Aplicada organiza III ciclo MCA Talks"},"content":{"rendered":"\n<p><strong><em>O Mestrado em Comunica\u00e7\u00e3o Aplicada da Escola Superior de Educa\u00e7\u00e3o de Viseu (ESEV) est\u00e1 a organizar o III ciclo MCA TALKS, que ir\u00e1 decorrer nos meses de mar\u00e7o e abril.<\/em><\/strong><\/p>\n\n\n\n<p>Destinadas a alunos e docentes do Mestrado de Comunica\u00e7\u00e3o Aplicada, bem como, das licenciaturas em Publicidade e Rela\u00e7\u00f5es P\u00fablicas e Comunica\u00e7\u00e3o Social, as sess\u00f5es arrancam hoje, dia 27 de mar\u00e7o, com uma <a href=\"https:\/\/videoconf-colibri.zoom.us\/j\/94201588687\">sess\u00e3o online<\/a>, entre as 18h00 e as 20h00. A convidada \u00e9 Maria Vasconcelos, aluna do Programa Doutoral em Novos Media, no Departamento de Comunica\u00e7\u00e3o e Arte da Universidade de Aveiro. Licenciada em L\u00ednguas e Rela\u00e7\u00f5es Empresariais e Mestre em Comunica\u00e7\u00e3o Aplicada, foi Bolseira de Inicia\u00e7\u00e3o \u00e0 Investiga\u00e7\u00e3o no projeto \u201cSTORYTur The use of storytelling in tourist promotional videos\u201d, Investigadora Externa no CISeD, no Instituto Polit\u00e9cnico de Viseu, no \u00e2mbito do projeto STORYTur. A sess\u00e3o tem o tema &#8220;<strong>USER-GENERATED CONTENT APLICADO \u00c0S ORGANIZA\u00c7\u00d5ES TUR\u00cdSTICAS<\/strong>&#8220;.<\/p>\n\n\n\n<p>No dia <strong>3 de abril, entre as 18h00 e as 20h00, as MCA Talks recebem<\/strong> Beatriz Casais, doutorada em Ci\u00eancias Empresariais \u2013 na variante de Marketing e Estrat\u00e9gia, Mestre em Marketing, P\u00f3s-Graduada em Comunica\u00e7\u00e3o em Sa\u00fade e Licenciada em Jornalismo e Ci\u00eancias da Comunica\u00e7\u00e3o, pela Universidade do Porto. \u00c9 professora associada na Escola de Economia, Gest\u00e3o e Ci\u00eancia Pol\u00edtica da Universidade do Minho, na \u00e1rea de Marketing e Estrat\u00e9gia, na qual foi vice-presidente entre 2021 e 2023 e diretora da escola de executivos UMinhoExec. Beatriz Casais investiga nas \u00e1reas de Marketing Social, P\u00fablico e N\u00e3o Lucrativo, sendo membro da dire\u00e7\u00e3o da Associa\u00e7\u00e3o Europeia de Marketing Social e vai falar sobre &#8220;<strong>MARKETING DIGITAL APLICADO AO TURISMO<\/strong>&#8220;. A sess\u00e3o decorre em modo <a href=\"https:\/\/videoconf-colibri.zoom.us\/j\/92306626269?pwd=9KrEtIsyM7oBSflNr4hubRfy07o6vV.1\">virtual<\/a>.<\/p>\n\n\n\n<p><strong>A jornalista<\/strong> Diana Bou\u00e7a-Nova \u00e9 a convidada do dia <strong>9 de abril, entre as 18h00 e as 20h00, com uma sess\u00e3o sobre &#8220;O NOVO CONTEXTO DOS MEDIA: DAS FAKE NEWS \u00c0 INTELIG\u00caNCIA ARTIFICIAL<\/strong>&#8220;. Diana Bou\u00e7a-Nova \u00e9 licenciada em Comunica\u00e7\u00e3o Social pela ESEV p\u00f3s-graduada em consultoria e assessoria de comunica\u00e7\u00e3o. Come\u00e7ou na SIC, depois seguiu-se a RTP onde fez informa\u00e7\u00e3o di\u00e1ria e v\u00e1rias grandes reportagens do Linha da Frente. Em 2021, a convite, integrou a equipa da CNN Portugal ainda antes da estreia do canal. Durante 2 anos foi pivot do Novo Dia, apresentou e continua a apresentar hor\u00e1rios diurnos e noturnos na CNN. J\u00e1 apresentou o Jornal da Uma da TVI e edita e apresenta o Di\u00e1rio da Manh\u00e3 de s\u00e1bado, tamb\u00e9m da TVI. Tem uma longa experi\u00eancia de comunica\u00e7\u00e3o nas v\u00e1rias formas e conduziu v\u00e1rias emiss\u00f5es em direto. D\u00e1 forma\u00e7\u00e3o na Restart, forma\u00e7\u00e3o sobre comunicar ci\u00eancia e \u00e9 professora do MBA no Isla. \u00c9 poss\u00edvel assistir \u00e0 sess\u00e3o <a href=\"https:\/\/videoconf-colibri.zoom.us\/j\/92306626269?pwd=9KrEtIsyM7oBSflNr4hubRfy07o6vV.1\">aqui<\/a>.<\/p>\n\n\n\n<p>\u00a0<\/p>\n","protected":false},"excerpt":{"rendered":"<p>O Mestrado em Comunica\u00e7\u00e3o Aplicada da Escola Superior de Educa\u00e7\u00e3o de Viseu (ESEV) est\u00e1 a organizar o III ciclo MCA<\/p>\n","protected":false},"author":4,"featured_media":20322,"comment_status":"open","ping_status":"open","sticky":false,"template":"","format":"standard","meta":[],"categories":[10,11],"tags":[5020,4585],"_links":{"self":[{"href":"https:\/\/www1.esev.ipv.pt\/dacomunicacao\/index.php?rest_route=\/wp\/v2\/posts\/20321"}],"collection":[{"href":"https:\/\/www1.esev.ipv.pt\/dacomunicacao\/index.php?rest_route=\/wp\/v2\/posts"}],"about":[{"href":"https:\/\/www1.esev.ipv.pt\/dacomunicacao\/index.php?rest_route=\/wp\/v2\/types\/post"}],"author":[{"embeddable":true,"href":"https:\/\/www1.esev.ipv.pt\/dacomunicacao\/index.php?rest_route=\/wp\/v2\/users\/4"}],"replies":[{"embeddable":true,"href":"https:\/\/www1.esev.ipv.pt\/dacomunicacao\/index.php?rest_route=%2Fwp%2Fv2%2Fcomments&post=20321"}],"version-history":[{"count":1,"href":"https:\/\/www1.esev.ipv.pt\/dacomunicacao\/index.php?rest_route=\/wp\/v2\/posts\/20321\/revisions"}],"predecessor-version":[{"id":20323,"href":"https:\/\/www1.esev.ipv.pt\/dacomunicacao\/index.php?rest_route=\/wp\/v2\/posts\/20321\/revisions\/20323"}],"wp:featuredmedia":[{"embeddable":true,"href":"https:\/\/www1.esev.ipv.pt\/dacomunicacao\/index.php?rest_route=\/wp\/v2\/media\/20322"}],"wp:attachment":[{"href":"https:\/\/www1.esev.ipv.pt\/dacomunicacao\/index.php?rest_route=%2Fwp%2Fv2%2Fmedia&parent=20321"}],"wp:term":[{"taxonomy":"category","embeddable":true,"href":"https:\/\/www1.esev.ipv.pt\/dacomunicacao\/index.php?rest_route=%2Fwp%2Fv2%2Fcategories&post=20321"},{"taxonomy":"post_tag","embeddable":true,"href":"https:\/\/www1.esev.ipv.pt\/dacomunicacao\/index.php?rest_route=%2Fwp%2Fv2%2Ftags&post=20321"}],"curies":[{"name":"wp","href":"https:\/\/api.w.org\/{rel}","templated":true}]}}