{"id":20045,"date":"2025-02-13T19:27:41","date_gmt":"2025-02-13T19:27:41","guid":{"rendered":"https:\/\/www1.esev.ipv.pt\/dacomunicacao\/?p=20045"},"modified":"2025-02-13T19:27:43","modified_gmt":"2025-02-13T19:27:43","slug":"de-estudante-a-cineasta-tiago-roma-almeida-apresenta-gatos-com-oito-vidas","status":"publish","type":"post","link":"https:\/\/www1.esev.ipv.pt\/dacomunicacao\/?p=20045","title":{"rendered":"De estudante a cineasta, Tiago Roma Almeida apresenta &#8220;Gatos Com Oito Vidas\u201d"},"content":{"rendered":"\n<p><em>&#8220;Gatos Com Oito Vidas&#8221; foi o nome escolhido para o novo projeto cinematogr\u00e1fico realizado por Tiago Roma Almeida, ex-aluno da Escola Secund\u00e1ria de Estarreja, localizada no distrito de Aveiro. Depois de produzir as curtas &#8220;Falamos Quando Acabar&#8221; e &#8220;Segunda Via&#8221;, durante o ano letivo 2022-2023, o jovem cineasta optou por produzir um longa-metragem com seus colegas de turma. O cineasta revela que o projeto foi desenvolvido &#8220;com colegas e amigos, sobretudo amigos.&#8221;&nbsp;<\/em><\/p>\n\n\n\n<p><strong>Texto: <\/strong>Mariana Fidalgo (1\u00ba ano de Comunica\u00e7\u00e3o Social) \/ <strong>Foto: <\/strong>Tiago Roma Almeida<\/p>\n\n\n\n<p>As curtas-metragens anteriores surgiram de um projeto escolar, sugerido pela professora de MACS (Matem\u00e1tica Aplicada \u00e0s Ci\u00eancias Sociais), Ana Margarida Santos. Ap\u00f3s o sucesso, o professor e diretor de turma de Tiago, Paulo Freire, prop\u00f4s-lhe a cria\u00e7\u00e3o de um projeto interdisciplinar envolvendo toda a turma. &#8220;Gatos Com Oito Vidas&#8221; integrou v\u00e1rias disciplinas, sendo a de Portugu\u00eas a mais f\u00e1cil de incorporar, gra\u00e7as \u00e0 professora Sofia Fernandes, que tamb\u00e9m interpretou Salom\u00e9 no filme, que escolheu excertos liter\u00e1rios para abordar o tema do &#8220;t\u00e9rmino das coisas&#8221;, relacionado com o fim do secund\u00e1rio e a separa\u00e7\u00e3o da turma. Tiago Almeida baseou-se num filme de Tarantino e desenvolveu uma hist\u00f3ria com um &#8220;narrador enigm\u00e1tico&#8221;, interpretado pelo professor Rui Vidal, que misturava excertos liter\u00e1rios com reflex\u00f5es do realizador.&nbsp;<\/p>\n\n\n\n<p>\u201cAs minhas expectativas n\u00e3o eram assim grande coisa\u201d, revela afirmando ainda que \u201cquando envolve muitas pessoas \u00e9 dif\u00edcil\u201d. No entanto, sabia que essas dificuldades, como problemas com \u00e1udio e grava\u00e7\u00f5es, faziam parte do processo. \u201cEu sou uma pessoa que, normalmente, como n\u00e3o gosta de ser desapontado, eu penso baixo\u201d, confessa. Mesmo com um or\u00e7amento limitado, o filme foi exibido no Cineteatro de Estarreja e no Teatro Aveirense. O sucesso superou as expectativas.<\/p>\n\n\n\n<p>Inscrito no ICA (Instituto do Cinema e do Audiovisual), \u201cGatos Com Oito Vidas\u201d atraiu quase 700 espectadores em apenas duas sess\u00f5es, superando at\u00e9 filmes de maior or\u00e7amento. Tiago Almeida conta que, em algumas conversas, pessoas afirmaram que se \u201cesqueceram que estavam a ver um filme feito por pessoas do secund\u00e1rio.\u201d&nbsp;<\/p>\n\n\n\n<p>\u201cAlgu\u00e9m, em algum lugar do pa\u00eds, deve-nos ter chamado malucos por ter feito um filme daquelas dimens\u00f5es, \u00e0 nossa realidade, sem dinheiro, sem nada. O \u00fanico dinheiro que tivemos foi o cobrimento das despesas\u201d, declarou, referindo-se ao esfor\u00e7o coletivo para garantir a realiza\u00e7\u00e3o do filme. O receio foi maior quando o filme foi exibido no Teatro Aveirense, onde os bilhetes eram pagos. <\/p>\n\n\n\n<p>O cineasta admite que teve medo de que as pessoas n\u00e3o gostassem do filme, mas o feedback foi positivo. \u201cSe eu pudesse, eu lavava-os a todos (os colegas) comigo para a universidade e para a vida para fazerem filmes comigo, mas infelizmente isso n\u00e3o \u00e9 poss\u00edvel\u201d, refere Tiago Almeida apesar de todas as dificuldades.&nbsp;<\/p>\n\n\n\n<figure class=\"wp-block-gallery columns-1 is-cropped\"><ul class=\"blocks-gallery-grid\"><li class=\"blocks-gallery-item\"><figure><img loading=\"lazy\" width=\"1024\" height=\"576\" src=\"https:\/\/www1.esev.ipv.pt\/dacomunicacao\/wp-content\/uploads\/2025\/02\/IMG_3748-1-1024x576.jpg\" alt=\"\" data-id=\"20049\" data-full-url=\"https:\/\/www1.esev.ipv.pt\/dacomunicacao\/wp-content\/uploads\/2025\/02\/IMG_3748-1-scaled.jpg\" data-link=\"https:\/\/www1.esev.ipv.pt\/dacomunicacao\/?attachment_id=20049\" class=\"wp-image-20049\" srcset=\"https:\/\/www1.esev.ipv.pt\/dacomunicacao\/wp-content\/uploads\/2025\/02\/IMG_3748-1-1024x576.jpg 1024w, https:\/\/www1.esev.ipv.pt\/dacomunicacao\/wp-content\/uploads\/2025\/02\/IMG_3748-1-300x169.jpg 300w, https:\/\/www1.esev.ipv.pt\/dacomunicacao\/wp-content\/uploads\/2025\/02\/IMG_3748-1-768x432.jpg 768w, https:\/\/www1.esev.ipv.pt\/dacomunicacao\/wp-content\/uploads\/2025\/02\/IMG_3748-1-1536x864.jpg 1536w, https:\/\/www1.esev.ipv.pt\/dacomunicacao\/wp-content\/uploads\/2025\/02\/IMG_3748-1-2048x1152.jpg 2048w\" sizes=\"(max-width: 1024px) 100vw, 1024px\" \/><\/figure><\/li><\/ul><\/figure>\n\n\n\n<p>Atualmente, o filme aguarda novas exibi\u00e7\u00f5es. O realizador revela que est\u00e1 em conversa\u00e7\u00f5es com cinemas do Porto, como o Batalha e o Trindade, mas ainda n\u00e3o obteve resposta. Tamb\u00e9m tentou uma poss\u00edvel exibi\u00e7\u00e3o na RTP 2, mas sem confirma\u00e7\u00e3o at\u00e9 o momento. \u201cO projeto s\u00f3 acaba quando chega \u00e0s casas\u201d, afirma com orgulho pelo percurso do filme.&nbsp;<\/p>\n\n\n\n<p>Al\u00e9m disso, um document\u00e1rio sobre o <em>making of<\/em> do filme est\u00e1 previsto, embora a data de lan\u00e7amento ainda n\u00e3o esteja definida. Tiago Almeida afirma que \u201cvai acontecer, porque o pr\u00f3prio projeto merece que isso aconte\u00e7a.\u201d Finaliza com a frase: \u201c\u00c9 sempre um prazer falar sobre este projeto e espero que o p\u00fablico a quem esta entrevista vai chegar tamb\u00e9m goste.\u201d&nbsp;<\/p>\n","protected":false},"excerpt":{"rendered":"<p>&#8220;Gatos Com Oito Vidas&#8221; foi o nome escolhido para o novo projeto cinematogr\u00e1fico realizado por Tiago Roma Almeida, ex-aluno da<\/p>\n","protected":false},"author":42,"featured_media":20046,"comment_status":"open","ping_status":"open","sticky":false,"template":"","format":"standard","meta":[],"categories":[15,462],"tags":[117,453,4954,4955],"_links":{"self":[{"href":"https:\/\/www1.esev.ipv.pt\/dacomunicacao\/index.php?rest_route=\/wp\/v2\/posts\/20045"}],"collection":[{"href":"https:\/\/www1.esev.ipv.pt\/dacomunicacao\/index.php?rest_route=\/wp\/v2\/posts"}],"about":[{"href":"https:\/\/www1.esev.ipv.pt\/dacomunicacao\/index.php?rest_route=\/wp\/v2\/types\/post"}],"author":[{"embeddable":true,"href":"https:\/\/www1.esev.ipv.pt\/dacomunicacao\/index.php?rest_route=\/wp\/v2\/users\/42"}],"replies":[{"embeddable":true,"href":"https:\/\/www1.esev.ipv.pt\/dacomunicacao\/index.php?rest_route=%2Fwp%2Fv2%2Fcomments&post=20045"}],"version-history":[{"count":2,"href":"https:\/\/www1.esev.ipv.pt\/dacomunicacao\/index.php?rest_route=\/wp\/v2\/posts\/20045\/revisions"}],"predecessor-version":[{"id":20056,"href":"https:\/\/www1.esev.ipv.pt\/dacomunicacao\/index.php?rest_route=\/wp\/v2\/posts\/20045\/revisions\/20056"}],"wp:featuredmedia":[{"embeddable":true,"href":"https:\/\/www1.esev.ipv.pt\/dacomunicacao\/index.php?rest_route=\/wp\/v2\/media\/20046"}],"wp:attachment":[{"href":"https:\/\/www1.esev.ipv.pt\/dacomunicacao\/index.php?rest_route=%2Fwp%2Fv2%2Fmedia&parent=20045"}],"wp:term":[{"taxonomy":"category","embeddable":true,"href":"https:\/\/www1.esev.ipv.pt\/dacomunicacao\/index.php?rest_route=%2Fwp%2Fv2%2Fcategories&post=20045"},{"taxonomy":"post_tag","embeddable":true,"href":"https:\/\/www1.esev.ipv.pt\/dacomunicacao\/index.php?rest_route=%2Fwp%2Fv2%2Ftags&post=20045"}],"curies":[{"name":"wp","href":"https:\/\/api.w.org\/{rel}","templated":true}]}}