{"id":20041,"date":"2025-02-13T19:26:33","date_gmt":"2025-02-13T19:26:33","guid":{"rendered":"https:\/\/www1.esev.ipv.pt\/dacomunicacao\/?p=20041"},"modified":"2025-02-13T19:26:35","modified_gmt":"2025-02-13T19:26:35","slug":"psicologo-desportivo-do-sporting-diz-que-somos-do-tamanho-da-nossa-vontade","status":"publish","type":"post","link":"https:\/\/www1.esev.ipv.pt\/dacomunicacao\/?p=20041","title":{"rendered":"Psic\u00f3logo desportivo do Sporting diz que \u201csomos do tamanho da nossa vontade\u201d"},"content":{"rendered":"\n<p><em>\u201cSomos do tamanho da nossa vontade\u201d, \u00e9 esta a frase inspiradora e a cren\u00e7a de Iury Leal, que surgiu h\u00e1 10 anos quando realizava o seu est\u00e1gio curricular no Sporting nos sub-20 de futsal. Na final da ta\u00e7a da Associa\u00e7\u00e3o de Futebol de Lisboa quando chegou ao balne\u00e1rio, o treinador tinha escrito essa frase na parede.<\/em><\/p>\n\n\n\n<p><strong>Texto: <\/strong>Afonso Ferreira (aluno do 1\u00ba ano de Comunica\u00e7\u00e3o Social) \/ <strong>Foto:<\/strong><\/p>\n\n\n\n<p>Iury Leal \u00e9 psic\u00f3logo do Desporto e Performance no Sporting Clube de Portugal e afirma que esse seu gosto pela psicologia surgiu numa altura que se falava muito em <em>mind games,<\/em> assunto no qual Jos\u00e9 Mourinho era um mestre na comunica\u00e7\u00e3o e Iury queria perceber como se trabalhava o jogo psicol\u00f3gico\/mental no futebol que era o desporto que praticava na altura.<\/p>\n\n\n\n<p>Licenciado em Coimbra, sempre quis a parte desportiva da psicologia e n\u00e3o psicologia de cl\u00ednica, defendendo que dentro das quatro componentes, \u201ct\u00e9cnica, t\u00e1tica, f\u00edsica e mental\u201d, a psicologia entra na quarta e cada vez est\u00e1 a ganhar mais import\u00e2ncia tanto no bem-estar como no rendimento desportivo do jogador.<\/p>\n\n\n\n<p>Iury Leal come\u00e7ou a sua carreira de psicologia no Benfica, mas afirma que \u201cfoi nas din\u00e2micas mais perto da terra natal\u201d que mais cresceu, pois n\u00e3o tinha as ferramentas necess\u00e1rias para trabalhar com os jogadores, dando assim muita import\u00e2ncia ao desafio a seguir ao Benfica, no Viseu 2001 Futsal que, na altura, lutava pela 1\u00aa divis\u00e3o e em simult\u00e2neo na forma\u00e7\u00e3o do Clube Desportivo Tondela que lutava em todas as fases de apuramento de campe\u00e3o.<\/p>\n\n\n\n<p>\u201cSentia que tinha que fazer mais e queria melhorar\u201d, diz ap\u00f3s aceitar a proposta para o Sporting, clube que ele mais se identificava devido \u00e0 resili\u00eancia e objetivos pessoais, mas tamb\u00e9m devido ao valorizado processo formativo que o clube tem.<\/p>\n\n\n\n<p>O psic\u00f3logo fala tamb\u00e9m do orgulho que sente ao ver jogadores com quem trabalha a destacarem-se no futebol profissional, em grandes ligas europeias e destaca o trabalho feito de h\u00e1 cinco anos para c\u00e1, monitorizando e sensibilizando \u201ctodos os aspetos envolventes daquilo que \u00e9 o rendimento desportivo\u201d, n\u00e3o s\u00f3 \u00e0 volta daquilo que \u00e9 o jogador de futebol, mas sim a pessoa dando import\u00e2ncia \u00e0 parte mental e psicol\u00f3gica do jogador.<\/p>\n\n\n\n<p>O seu novo desafio passa pelos A\u00e7ores, onde est\u00e1 agora a desempenhar a sua profiss\u00e3o e usa a frase muito popular no futebol que \u00e9 \u201co que hoje \u00e9 verdade amanh\u00e3 \u00e9 mentira\u201d e explica que tanto pode estar hoje nos A\u00e7ores como n\u00e3o se importa de estar na Argentina daqui a duas semanas, a ideia \u00e9 continuar sempre a trabalhar para potenciar o seu trabalho e pessoa.<\/p>\n\n\n\n<p>Quanto \u00e0 sa\u00edda de Ruben Amorim e da sua equipa t\u00e9cnica, acredita que &#8220;v\u00e3o-se superar e v\u00e3o continuar a ser resilientes em busca de trabalhos\u201d. Destaca ainda que \u201cacima do Sporting n\u00e3o h\u00e1 mais nada\u201d e que, neste momento, todas as pessoas desde os jogadores aos cozinheiros s\u00e3o importantes para continuar a lutar pelos objetivos.<\/p>\n","protected":false},"excerpt":{"rendered":"<p>\u201cSomos do tamanho da nossa vontade\u201d, \u00e9 esta a frase inspiradora e a cren\u00e7a de Iury Leal, que surgiu h\u00e1<\/p>\n","protected":false},"author":42,"featured_media":20042,"comment_status":"open","ping_status":"open","sticky":false,"template":"","format":"standard","meta":[],"categories":[13],"tags":[20,787,4952,923,4953],"_links":{"self":[{"href":"https:\/\/www1.esev.ipv.pt\/dacomunicacao\/index.php?rest_route=\/wp\/v2\/posts\/20041"}],"collection":[{"href":"https:\/\/www1.esev.ipv.pt\/dacomunicacao\/index.php?rest_route=\/wp\/v2\/posts"}],"about":[{"href":"https:\/\/www1.esev.ipv.pt\/dacomunicacao\/index.php?rest_route=\/wp\/v2\/types\/post"}],"author":[{"embeddable":true,"href":"https:\/\/www1.esev.ipv.pt\/dacomunicacao\/index.php?rest_route=\/wp\/v2\/users\/42"}],"replies":[{"embeddable":true,"href":"https:\/\/www1.esev.ipv.pt\/dacomunicacao\/index.php?rest_route=%2Fwp%2Fv2%2Fcomments&post=20041"}],"version-history":[{"count":1,"href":"https:\/\/www1.esev.ipv.pt\/dacomunicacao\/index.php?rest_route=\/wp\/v2\/posts\/20041\/revisions"}],"predecessor-version":[{"id":20043,"href":"https:\/\/www1.esev.ipv.pt\/dacomunicacao\/index.php?rest_route=\/wp\/v2\/posts\/20041\/revisions\/20043"}],"wp:featuredmedia":[{"embeddable":true,"href":"https:\/\/www1.esev.ipv.pt\/dacomunicacao\/index.php?rest_route=\/wp\/v2\/media\/20042"}],"wp:attachment":[{"href":"https:\/\/www1.esev.ipv.pt\/dacomunicacao\/index.php?rest_route=%2Fwp%2Fv2%2Fmedia&parent=20041"}],"wp:term":[{"taxonomy":"category","embeddable":true,"href":"https:\/\/www1.esev.ipv.pt\/dacomunicacao\/index.php?rest_route=%2Fwp%2Fv2%2Fcategories&post=20041"},{"taxonomy":"post_tag","embeddable":true,"href":"https:\/\/www1.esev.ipv.pt\/dacomunicacao\/index.php?rest_route=%2Fwp%2Fv2%2Ftags&post=20041"}],"curies":[{"name":"wp","href":"https:\/\/api.w.org\/{rel}","templated":true}]}}