{"id":19953,"date":"2025-01-21T08:46:44","date_gmt":"2025-01-21T08:46:44","guid":{"rendered":"https:\/\/www1.esev.ipv.pt\/dacomunicacao\/?p=19953"},"modified":"2025-01-21T08:46:46","modified_gmt":"2025-01-21T08:46:46","slug":"banda-musical-flor-da-mocidade-junqueirense-126-anos-de-musica-e-amizade-que-unem-geracoes","status":"publish","type":"post","link":"https:\/\/www1.esev.ipv.pt\/dacomunicacao\/?p=19953","title":{"rendered":"Banda Musical Flor da Mocidade Junqueirense, 126 anos de m\u00fasica e amizade que unem gera\u00e7\u00f5es"},"content":{"rendered":"\n<p><strong><em>Com 126 anos de hist\u00f3ria, a Banda Junqueirense tem sido muito mais do que uma institui\u00e7\u00e3o que preserva tradi\u00e7\u00f5es, \u00e9 tamb\u00e9m um s\u00edmbolo de uni\u00e3o e companheirismo. Por detr\u00e1s de cada nota, h\u00e1 hist\u00f3rias, la\u00e7os de amizade e uma dedica\u00e7\u00e3o inabal\u00e1vel \u00e0 arte.<\/em><\/strong><\/p>\n\n\n\n<p><strong>Reportagem de Andreia Soares<\/strong><\/p>\n\n\n\n<p>Fundada a 11 de setembro de 1898, localizada na freguesia de Junqueira, em Vale de Cambra e inicialmente conhecida como \u201cFilarm\u00f3nica Flor da Liberdade Junqueirense\u201d, a banda foi criada com a inten\u00e7\u00e3o de promover a m\u00fasica como uma forma de express\u00e3o cultural e identidade local. A sua primeira sede situava-se no lugar da Calvela, freguesia de Junqueira e a sua primeira atua\u00e7\u00e3o ocorreu na P\u00e1scoa de 1899 com d\u00fazia e meia de elementos.<\/p>\n\n\n\n<p>Ao longo dos anos a institui\u00e7\u00e3o foi progredindo lentamente, enfrentando algumas crises profundas, devendo-se ao baixo n\u00edvel de vida dos elementos que a constitu\u00edam, na sua maioria camponeses. Em 1935, a sua dire\u00e7\u00e3o resolveu alterar o nome para \u201cBanda Musical Flor da Mocidade Junqueirense\u201d, denomina\u00e7\u00e3o que predomina at\u00e9 os dias de hoje e que foi oficializada atrav\u00e9s de escritura p\u00fablica outorgada no cart\u00f3rio de Vale de Cambra. Mais tarde, em 1949, construiu a sua pr\u00f3pria sede em Junqueira de Cima, de reduzidas dimens\u00f5es e fracas condi\u00e7\u00f5es que iam aumentando com o passar dos anos. Assim, em 18 de junho de 1995, uma nova sede foi inaugurada, oferecendo instala\u00e7\u00f5es modernas e adequadas \u00e0s necessidades crescentes da banda.<\/p>\n\n\n\n<div class=\"wp-block-image\"><figure class=\"aligncenter size-large\"><img loading=\"lazy\" width=\"480\" height=\"365\" src=\"https:\/\/www1.esev.ipv.pt\/dacomunicacao\/wp-content\/uploads\/2025\/01\/4CFD388BD-6253-8683-B143-1522C02449B7.jpg\" alt=\"\" class=\"wp-image-19957\" srcset=\"https:\/\/www1.esev.ipv.pt\/dacomunicacao\/wp-content\/uploads\/2025\/01\/4CFD388BD-6253-8683-B143-1522C02449B7.jpg 480w, https:\/\/www1.esev.ipv.pt\/dacomunicacao\/wp-content\/uploads\/2025\/01\/4CFD388BD-6253-8683-B143-1522C02449B7-300x228.jpg 300w\" sizes=\"(max-width: 480px) 100vw, 480px\" \/><figcaption>Banda musical viu o seu nome alterado em 1935<\/figcaption><\/figure><\/div>\n\n\n\n<p>Com mais de um s\u00e9culo de exist\u00eancia, com os seus altos e baixos, a Banda Junqueirense sempre foi uma grande refer\u00eancia do \u00edndice cultural de Junqueira sabendo levar bem longe o nome da sua terra e conquistado o carinho das pessoas de in\u00fameras terras por onde tem passado, desde a sua atua\u00e7\u00e3o na P\u00e1scoa de 1899, at\u00e9 \u00e0s mais relevantes, como a digress\u00e3o pelos Estado Unidos da Am\u00e9rica (EUA), onde participou nas comemora\u00e7\u00f5es do Dia de Portugal e das Comunidades Portuguesas de Newark em 1993, at\u00e9 um concerto em Espanha em 2004. Em solo nacional a banda tem tido uma presen\u00e7a constante em festividades, prociss\u00f5es e eventos culturais.<\/p>\n\n\n\n<p><\/p>\n\n\n\n<p><strong>&#8220;A vida extra que Junqueira ganha com a banda em atividade\u201d<\/strong><\/p>\n\n\n\n<p>O presidente da Assembleia Geral, Daniel Tavares, afirma que a \u201cBanda Junqueirense \u00e9 uma associa\u00e7\u00e3o inserida num meio rural, numa freguesia do interior do concelho\u201d de Vale de Cambra \u201ccom menos de um milhar de habitantes, que consegue congregar dezenas de m\u00fasicos semanalmente para as suas atividades regulares, seja para ensaiar ou at\u00e9 mesmo para cumprir com o seu servi\u00e7o filarm\u00f3nico pelo pa\u00eds fora. \u00c9 poss\u00edvel constatar a vida extra que Junqueira ganha com a banda em atividade\u201d.<\/p>\n\n\n\n<p>Em 2001 a Banda Junqueirense decidiu dar mais \u201cum passo em frente\u201d e gravou em CD todo o trabalho desenvolvido ao longo dos anos. O primeiro \u201cSons e Melodia\u201d em maio de 2001 e o segundo \u201cCzardas\u201d em outubro de 2001. Em 2003 o ano ficou marcado pelas comemora\u00e7\u00f5es do 105\u00ba anivers\u00e1rio da banda e pelo lan\u00e7amento do terceiro CD \u201cOl\u00e1 Junqueira\u201d com algumas obras alusivas \u00e0 banda e \u00e0 freguesia de Junqueira. Em agosto de 2015 surge o mais recente trabalho discogr\u00e1fico \u201cMocidade Junqueirense \u2013 Vol.4\u201d.<\/p>\n\n\n\n<p>Com a chegada da pandemia Covid-19, a Banda Junqueirense soube reinventar-se e dessa forma manter-se unida de tal maneira que nunca parou por completo a atividade musical. O papel das novas tecnologias foi fundamental para o sucesso desta coletividade em tempo de pandemia, pois permitiu, ainda que \u00e0 dist\u00e2ncia, que os m\u00fasicos se unissem \u00e0 volta da causa da m\u00fasica e assim mantivessem a atividade musical. A pandemia levou a banda a transformar-se, investindo na criatividade na forma de transmiss\u00e3o de m\u00fasica \u00e0 popula\u00e7\u00e3o e na manuten\u00e7\u00e3o do esp\u00edrito de grupo. Partilhas de v\u00eddeos e apresenta\u00e7\u00f5es online de trabalhos efetuados nas redes sociais, divis\u00e3o da banda em dois grupos para que as medidas de dist\u00e2ncia fossem respeitadas, entre outros foram algumas das formas de como a coletividade se soube adaptar e reinventar.&nbsp;<\/p>\n\n\n\n<p>Durante 126 anos de exist\u00eancia muitos foram os maestros que passaram pela dire\u00e7\u00e3o art\u00edstica da Banda Musical Junqueirense, destacando-se Manuel Marques, Fernando Batista, Manuel Joaquim Almeida, Paulo Almeida e o atual maestro, Patrick Monteiro.<\/p>\n\n\n\n<p>Atualmente, a Banda Musical Flor da Mocidade Junqueirense \u00e9 constitu\u00edda por cerca de 68 m\u00fasicos, que na sua maioria fizeram a sua forma\u00e7\u00e3o na escola da banda, a Escola de M\u00fasica Manuel Joaquim de Almeida, que desempenha um papel crucial na forma\u00e7\u00e3o dos m\u00fasicos e serve como uma etapa preparat\u00f3ria para a integra\u00e7\u00e3o na banda principal, garantindo a continuidade. A sua dire\u00e7\u00e3o art\u00edstica est\u00e1 a cargo do maestro Patrick Monteiro e do maestro adjunto Tiago Tavares, sendo que ambos iniciaram os seus estudos musicais na Banda Musical Flor da Mocidade Junqueirense.<\/p>\n\n\n\n<p><\/p>\n\n\n\n<p><strong>Escola de m\u00fasica \u00e9 pilar da banda<\/strong><\/p>\n\n\n\n<p>A Escola de M\u00fasica Manuel Joaquim de Almeida come\u00e7ou a funcionar a partir de 1978 fundada pelo antigo maestro e atual m\u00fasico Manuel Joaquim de Almeida. A Escola de M\u00fasica \u00e9 o grande pilar de sucesso que a banda tem vindo alcan\u00e7ar ao longo dos anos.&nbsp; Atualmente 90% dos elementos que comp\u00f5em a banda fizeram a sua forma\u00e7\u00e3o na escola de m\u00fasica.<\/p>\n\n\n\n<p>O presidente da dire\u00e7\u00e3o da Banda Junqueirense, Pedro Tavares, diz que \u00e9 importante \u201cdar continuidade a esta obra iniciada h\u00e1 126 anos\u201d, e que face aos desafios encontrados, a banda nunca deve esquecer \u201co enorme legado que foi deixado, assim como, a coragem para lhe dar a mesma continuidade\u201d.<\/p>\n\n\n\n<p>Ao longo dos anos, a banda enfrentou e enfrenta v\u00e1rios desafios como a atra\u00e7\u00e3o de mais crian\u00e7as e jovens para a aprendizagem musical, a alta competitividade no meio musical, pois a qualidade art\u00edstica das bandas filarm\u00f3nicas est\u00e1 cada vez mais elevada, e nesse sentido, para se manter relevante, a banda precisa de investir continuamente. A preserva\u00e7\u00e3o da identidade, como manter viva a hist\u00f3ria e tradi\u00e7\u00e3o da banda \u00e9 um desafio cont\u00ednuo, entre outros. Apesar dos desafios a Banda Junqueirense tem uma capacidade de se adaptar, inovar e superar, o que tem sido a chave para a sua longevidade e relev\u00e2ncia.<\/p>\n\n\n\n<figure class=\"wp-block-image size-large\"><img loading=\"lazy\" width=\"1024\" height=\"576\" src=\"https:\/\/www1.esev.ipv.pt\/dacomunicacao\/wp-content\/uploads\/2025\/01\/456061492_1039715504824812_524140935005896948_n-1024x576.jpg\" alt=\"\" class=\"wp-image-19954\" srcset=\"https:\/\/www1.esev.ipv.pt\/dacomunicacao\/wp-content\/uploads\/2025\/01\/456061492_1039715504824812_524140935005896948_n-1024x576.jpg 1024w, https:\/\/www1.esev.ipv.pt\/dacomunicacao\/wp-content\/uploads\/2025\/01\/456061492_1039715504824812_524140935005896948_n-300x169.jpg 300w, https:\/\/www1.esev.ipv.pt\/dacomunicacao\/wp-content\/uploads\/2025\/01\/456061492_1039715504824812_524140935005896948_n-768x432.jpg 768w, https:\/\/www1.esev.ipv.pt\/dacomunicacao\/wp-content\/uploads\/2025\/01\/456061492_1039715504824812_524140935005896948_n-1536x864.jpg 1536w, https:\/\/www1.esev.ipv.pt\/dacomunicacao\/wp-content\/uploads\/2025\/01\/456061492_1039715504824812_524140935005896948_n.jpg 2048w\" sizes=\"(max-width: 1024px) 100vw, 1024px\" \/><\/figure>\n\n\n\n<p>Mesmo com mais de um s\u00e9culo de hist\u00f3ria, a Banda Musical Flor da Mocidade Junqueirense n\u00e3o deixa de se adaptar aos novos tempos. Al\u00e9m de preservar as suas tradi\u00e7\u00f5es, como as janeiras no in\u00edcio do ano, a banda tem explorado novos g\u00e9neros musicais e colabora\u00e7\u00f5es art\u00edsticas, onde se podem destacar, o concerto com o artista portugu\u00eas FF, Fernando Fernandes, em 2022, o concerto com o artista Berg em 2024, entre outros.<\/p>\n\n\n\n<p><\/p>\n\n\n\n<p><strong>&#8220;O grande orgulho de toda a freguesia\u201d<\/strong><\/p>\n\n\n\n<p>Jo\u00e3o Tavares, ex-presidente e ex-m\u00fasico da Banda Junqueirense, confessa que para si falar da banda \u00e9 \u201cfalar de muita cultura, falar de antepassados corajosos, mesmo com meios bastantes escassos\u201d, \u00e9 \u201cfalar de v\u00e1rias gera\u00e7\u00f5es que, ano ap\u00f3s ano, conseguiram elevar a Banda a patamares de excel\u00eancia\u201d e que \u201ca Banda Musical Junqueirense \u00e9, sem d\u00favida, o grande orgulho de toda a freguesia\u201d.<\/p>\n\n\n\n<p>A presen\u00e7a ativa da banda nas redes sociais, incluindo Facebook, Instagram e Youtube, permite que partilhe as suas atividades e eventos com um p\u00fablico mais amplo, aproximando-se das novas gera\u00e7\u00f5es e da comunidade em geral. Assim, a rela\u00e7\u00e3o entre a banda e a comunidade local \u00e9 simb\u00f3lica e importante para o crescimento desta. A banda n\u00e3o forma apenas m\u00fasicos, mas promove tamb\u00e9m, um senso de identidade e perten\u00e7a.<\/p>\n\n\n\n<p>A Banda Musical Flor da Mocidade Junqueirense sempre se pautou pela sua versatilidade e pela vontade de inovar. \u00c9 a coletividade mais antiga do concelho de Vale de Cambra, com 126 anos de atividade ininterrupta. A Banda de Junqueira continua a levar o bom nome da sua freguesia, do concelho e de Portugal, de norte a sul do pa\u00eds e al\u00e9m-fronteiras. O maestro Patrick Monteiro, considera que \u201cexistem algumas caracter\u00edsticas que acompanham a hist\u00f3ria da Banda e que pessoalmente\u201d defende \u201cque a tornam particular e especial\u201d como a \u201chumildade, dedica\u00e7\u00e3o, generosidade, amizade e empenho\u201d.<\/p>\n\n\n\n<p>A Banda Musical Flor da Mocidade Junqueirense \u00e9 um exemplo de resili\u00eancia e compromisso com a m\u00fasica e a cultura ao longo dos seus 126 anos de hist\u00f3ria. Simboliza uni\u00e3o, identidade cultural e orgulho local, refletindo a for\u00e7a de uma pequena freguesia do pa\u00eds.<\/p>\n","protected":false},"excerpt":{"rendered":"<p>Com 126 anos de hist\u00f3ria, a Banda Junqueirense tem sido muito mais do que uma institui\u00e7\u00e3o que preserva tradi\u00e7\u00f5es, \u00e9 tamb\u00e9m um s\u00edmbolo de uni\u00e3o e companheirismo. Por detr\u00e1s de cada nota, h\u00e1 hist\u00f3rias, la\u00e7os de amizade e uma dedica\u00e7\u00e3o inabal\u00e1vel \u00e0 arte.<\/p>\n","protected":false},"author":4,"featured_media":19956,"comment_status":"open","ping_status":"open","sticky":false,"template":"","format":"standard","meta":[],"categories":[15],"tags":[4932,4933,72,2107],"_links":{"self":[{"href":"https:\/\/www1.esev.ipv.pt\/dacomunicacao\/index.php?rest_route=\/wp\/v2\/posts\/19953"}],"collection":[{"href":"https:\/\/www1.esev.ipv.pt\/dacomunicacao\/index.php?rest_route=\/wp\/v2\/posts"}],"about":[{"href":"https:\/\/www1.esev.ipv.pt\/dacomunicacao\/index.php?rest_route=\/wp\/v2\/types\/post"}],"author":[{"embeddable":true,"href":"https:\/\/www1.esev.ipv.pt\/dacomunicacao\/index.php?rest_route=\/wp\/v2\/users\/4"}],"replies":[{"embeddable":true,"href":"https:\/\/www1.esev.ipv.pt\/dacomunicacao\/index.php?rest_route=%2Fwp%2Fv2%2Fcomments&post=19953"}],"version-history":[{"count":2,"href":"https:\/\/www1.esev.ipv.pt\/dacomunicacao\/index.php?rest_route=\/wp\/v2\/posts\/19953\/revisions"}],"predecessor-version":[{"id":19960,"href":"https:\/\/www1.esev.ipv.pt\/dacomunicacao\/index.php?rest_route=\/wp\/v2\/posts\/19953\/revisions\/19960"}],"wp:featuredmedia":[{"embeddable":true,"href":"https:\/\/www1.esev.ipv.pt\/dacomunicacao\/index.php?rest_route=\/wp\/v2\/media\/19956"}],"wp:attachment":[{"href":"https:\/\/www1.esev.ipv.pt\/dacomunicacao\/index.php?rest_route=%2Fwp%2Fv2%2Fmedia&parent=19953"}],"wp:term":[{"taxonomy":"category","embeddable":true,"href":"https:\/\/www1.esev.ipv.pt\/dacomunicacao\/index.php?rest_route=%2Fwp%2Fv2%2Fcategories&post=19953"},{"taxonomy":"post_tag","embeddable":true,"href":"https:\/\/www1.esev.ipv.pt\/dacomunicacao\/index.php?rest_route=%2Fwp%2Fv2%2Ftags&post=19953"}],"curies":[{"name":"wp","href":"https:\/\/api.w.org\/{rel}","templated":true}]}}