{"id":19904,"date":"2025-01-16T12:01:38","date_gmt":"2025-01-16T12:01:38","guid":{"rendered":"https:\/\/www1.esev.ipv.pt\/dacomunicacao\/?p=19904"},"modified":"2025-01-16T14:50:10","modified_gmt":"2025-01-16T14:50:10","slug":"uma-broadway-no-interior-no-me-diga","status":"publish","type":"post","link":"https:\/\/www1.esev.ipv.pt\/dacomunicacao\/?p=19904","title":{"rendered":"Uma Broadway No Interior? No Me Diga!"},"content":{"rendered":"\n<p><strong><em>\u00c9 na antiga escola prim\u00e1ria na aldeia da Lapa do lobo que a Associa\u00e7\u00e3o Cultural contracanto desenvolve talentos no mundo das artes c\u00e9nicas. A escola privilegia a forma\u00e7\u00e3o art\u00edstica nas vertentes de teatro musical, dan\u00e7a e express\u00e3o dram\u00e1tica, transversal a todas as idades, com a ajuda da funda\u00e7\u00e3o Lapa do lobo e da C\u00e2mara Municipal de Nelas. O projeto saiu do papel em setembro de 2014 e o ano passado estreou o novo espet\u00e1culo, In The Heights &#8211; C\u00e1 No Bairro.<\/em><\/strong><\/p>\n\n\n\n<p><strong>Reportagem de Afonso Azevedo<\/strong><\/p>\n\n\n\n<p>Imagens de Gustavo Reinas &#8211; Espet\u00e1culo &#8220;In The Heights &#8211; C\u00e1 No Bairro&#8221; por Contracanto Associa\u00e7\u00e3o Cultural<\/p>\n\n\n\n<iframe loading=\"lazy\" src=\"https:\/\/screenapp.io\/app\/#\/shared\/gnQlh86DyC?embed=true\" width=\"100%\" height=\"960\" frameborder=\"0\" allowfullscreen=\"\"><\/iframe>\n","protected":false},"excerpt":{"rendered":"<p>\u00c9 na antiga escola prim\u00e1ria na aldeia da Lapa do lobo que a Associa\u00e7\u00e3o Cultural contracanto desenvolve talentos no mundo das artes c\u00e9nicas. A escola privilegia a forma\u00e7\u00e3o art\u00edstica nas vertentes de teatro musical, dan\u00e7a e express\u00e3o dram\u00e1tica, transversal a todas as idades, com a ajuda da funda\u00e7\u00e3o Lapa do lobo e da C\u00e2mara Municipal de Nelas. O projeto saiu do papel em setembro de 2014 e o ano passado estreou o novo espet\u00e1culo, In The Heights &#8211; C\u00e1 No Bairro.<\/p>\n","protected":false},"author":4,"featured_media":19905,"comment_status":"open","ping_status":"open","sticky":false,"template":"","format":"standard","meta":[],"categories":[15,1],"tags":[186,4928,1626],"_links":{"self":[{"href":"https:\/\/www1.esev.ipv.pt\/dacomunicacao\/index.php?rest_route=\/wp\/v2\/posts\/19904"}],"collection":[{"href":"https:\/\/www1.esev.ipv.pt\/dacomunicacao\/index.php?rest_route=\/wp\/v2\/posts"}],"about":[{"href":"https:\/\/www1.esev.ipv.pt\/dacomunicacao\/index.php?rest_route=\/wp\/v2\/types\/post"}],"author":[{"embeddable":true,"href":"https:\/\/www1.esev.ipv.pt\/dacomunicacao\/index.php?rest_route=\/wp\/v2\/users\/4"}],"replies":[{"embeddable":true,"href":"https:\/\/www1.esev.ipv.pt\/dacomunicacao\/index.php?rest_route=%2Fwp%2Fv2%2Fcomments&post=19904"}],"version-history":[{"count":3,"href":"https:\/\/www1.esev.ipv.pt\/dacomunicacao\/index.php?rest_route=\/wp\/v2\/posts\/19904\/revisions"}],"predecessor-version":[{"id":19915,"href":"https:\/\/www1.esev.ipv.pt\/dacomunicacao\/index.php?rest_route=\/wp\/v2\/posts\/19904\/revisions\/19915"}],"wp:featuredmedia":[{"embeddable":true,"href":"https:\/\/www1.esev.ipv.pt\/dacomunicacao\/index.php?rest_route=\/wp\/v2\/media\/19905"}],"wp:attachment":[{"href":"https:\/\/www1.esev.ipv.pt\/dacomunicacao\/index.php?rest_route=%2Fwp%2Fv2%2Fmedia&parent=19904"}],"wp:term":[{"taxonomy":"category","embeddable":true,"href":"https:\/\/www1.esev.ipv.pt\/dacomunicacao\/index.php?rest_route=%2Fwp%2Fv2%2Fcategories&post=19904"},{"taxonomy":"post_tag","embeddable":true,"href":"https:\/\/www1.esev.ipv.pt\/dacomunicacao\/index.php?rest_route=%2Fwp%2Fv2%2Ftags&post=19904"}],"curies":[{"name":"wp","href":"https:\/\/api.w.org\/{rel}","templated":true}]}}