{"id":19855,"date":"2025-01-22T18:07:25","date_gmt":"2025-01-22T18:07:25","guid":{"rendered":"https:\/\/www1.esev.ipv.pt\/dacomunicacao\/?p=19855"},"modified":"2025-01-22T18:07:27","modified_gmt":"2025-01-22T18:07:27","slug":"perfil-passos-coelho-um-lider-em-tempos-de-crise","status":"publish","type":"post","link":"https:\/\/www1.esev.ipv.pt\/dacomunicacao\/?p=19855","title":{"rendered":"Perfil. Passos Coelho, um l\u00edder em tempos de crise"},"content":{"rendered":"\n<p><strong><em>Nascido em Coimbra a 24 de julho de 1963, Pedro Manuel Mamede Passos Coelho, pol\u00edtico portugu\u00eas, foi deputado, primeiro-ministro de Portugal entre 2011 e 2015 e presidente do Partido Social Democrata.<\/em><\/strong><\/p>\n\n\n\n<p><strong>Por: David Almeida<\/strong><\/p>\n\n\n\n<p>A sua inf\u00e2ncia foi passada em Angola, onde o pai exercia medicina, tendo regressado ao seu pa\u00eds de origem, Portugal, ap\u00f3s a Revolu\u00e7\u00e3o de 1974, tendo ido viver com a fam\u00edlia para Vale de Nogueiras, concelho de Vila Real.<\/p>\n\n\n\n<p>Ainda em crian\u00e7a, com apenas 13 anos, Passos Coelho ingressou a Juventude Social Democrata no final da d\u00e9cada de 70, tendo sido l\u00edder partid\u00e1rio desta organiza\u00e7\u00e3o, ligada ao PSD, entre 1990 e 1995.<\/p>\n\n\n\n<p>Durante cerca de 8 anos, entre 1991 e 1999, Pedro Passos Coelho foi deputado da Assembleia da Rep\u00fablica pelo c\u00edrculo eleitoral de Lisboa.<\/p>\n\n\n\n<p>Entre &nbsp;&nbsp; 1985 e 2003, viveu uma rela\u00e7\u00e3o com F\u00e1tima Padinha, integrante da famosa banda \u201cDoce\u201d, da qual teve 2 filhas. Em 2004, encontrou o amor junto de Laura Ferreira, onde teve 1 filha. A rela\u00e7\u00e3o durou 16 anos, tenda esta falecido, v\u00edtima de doen\u00e7a prolongada em 2020.&nbsp;<\/p>\n\n\n\n<p>Anos mais tarde, em 2008 candidata-se pela primeira vez \u00e0 presid\u00eancia do PSD, em elei\u00e7\u00f5es que perdeu para Manuela Ferreira Leite. Ap\u00f3s a derrota do PSD nas elei\u00e7\u00f5es legislativas, Passos Coelho consegue chegar \u00e0 lideran\u00e7a do PSD.<\/p>\n\n\n\n<p>No entanto, ap\u00f3s a queda do governo de Jos\u00e9 S\u00f3crates, num contexto de grave crise financeira, disputou as elei\u00e7\u00f5es legislativas de 2011.<\/p>\n\n\n\n<p>Numa governa\u00e7\u00e3o limitada, diariamente, pelas condi\u00e7\u00f5es negociadas pelas diversas institui\u00e7\u00f5es de resgate e ajuda econ\u00f3mica da Uni\u00e3o Europeia, este teve de adotar e implementar uma pol\u00edtica de austeridade, com medidas que influenciaram as carteiras dos portugueses, tais como: Cortes salariais para os trabalhadores da fun\u00e7\u00e3o p\u00fablica, subida de impostos e elimina\u00e7\u00e3o de feriados simb\u00f3licos para Portugal.<\/p>\n\n\n\n<p><\/p>\n\n\n\n<p><strong>H\u00e1 pessoas que acham que fui extraordin\u00e1rio e h\u00e1 pessoas que acham que fui o fim do mundo<\/strong><\/p>\n\n\n\n<p>Diariamente, enquanto o pa\u00eds necessitava de se reerguer economicamente, este teve de tomar decis\u00f5es, que como o pr\u00f3prio refere numa entrevista ao Observador em 2024, n\u00e3o agradaram a todas as pessoas. \u201cH\u00e1 pessoas que acham que fui extraordin\u00e1rio e h\u00e1 pessoas que acham que fui o fim do mundo e o pior que podia ter acontecido ao pa\u00eds. E ainda hoje se nota isso\u201d, afirma em entrevista ao Observador.<\/p>\n\n\n\n<p>O que \u00e9 certo, \u00e9 que j\u00e1 em pequeno tudo indicava que o jovem Pedro, teria tudo para ser, um dia, Primeiro-Ministro de Portugal. No programa &#8220;Olha que dois&#8221; da RTP em 1993, Manuel Lu\u00eds Goucha, num dos momentos do programa, diz a Pedro Passos Coelho que deste dia por 10 anos ainda ia ser primeiro ministro.<\/p>\n\n\n\n<p>Em 2015, juntamente com Paulo Portas, l\u00edder do CDS, liderou a coliga\u00e7\u00e3o eleitoral formada por PSD e CDS-PP, no qual consegue vencer as elei\u00e7\u00f5es legislativas, n\u00e3o tendo obtido, a t\u00e3o desejada, maioria parlamentar. Dias mais tarde ap\u00f3s ser indigitado como primeiro-ministro do XX Governo Constitucional, Pedro Passos Coelho passa para a lideran\u00e7a da oposi\u00e7\u00e3o, ap\u00f3s diversos partidos com assento parlamentar uma alternativa, que ficou popularmente conhecida como \u201cgeringon\u00e7a\u201d.<\/p>\n\n\n\n<p>Esta amizade com Paulo Portas que mostrava ser perfeita, parece n\u00e3o ter corrido da melhor forma segundo o pr\u00f3prio. &#8220;Eu n\u00e3o conseguia que Paulo Portas aceitasse nenhuma vers\u00e3o. Nenhuma, nenhuma. Convoquei at\u00e9 um Conselho (de Ministros) extraordin\u00e1rio para explicar ao governo que \u00edamos falhar a avalia\u00e7\u00e3o porque Paulo Portas n\u00e3o aceitava aquela avalia\u00e7\u00e3o. O que se passaria a partir dai era uma inc\u00f3gnita. A Troika diria que se n\u00e3o quer\u00edamos fazer nada tamb\u00e9m n\u00e3o enviaria mais dinheiro. O que \u00e9 que se seguiu? N\u00e3o sei, para mim \u00e9 um mist\u00e9rio. Paulo Portas mudou de opini\u00e3o. Eu creio que foi o Presidente da Rep\u00fablica\u201d, conta em entrevista ao \u201cEu estive l\u00e1\u201d, da R\u00e1dio Observador.<\/p>\n\n\n\n<p>Ap\u00f3s a \u201cexpuls\u00e3o\u201d inesperada em 2015, decidiu abandonar a carreira pol\u00edtica em 2018, ao abandonar a lideran\u00e7a do PSD, passando a pasta a Rui Rio.<\/p>\n","protected":false},"excerpt":{"rendered":"<p>Nascido em Coimbra a 24 de julho de 1963, Pedro Manuel Mamede Passos Coelho, pol\u00edtico portugu\u00eas, foi deputado, primeiro-ministro de<\/p>\n","protected":false},"author":4,"featured_media":19856,"comment_status":"open","ping_status":"open","sticky":false,"template":"","format":"standard","meta":[],"categories":[12],"tags":[4720,608,339],"_links":{"self":[{"href":"https:\/\/www1.esev.ipv.pt\/dacomunicacao\/index.php?rest_route=\/wp\/v2\/posts\/19855"}],"collection":[{"href":"https:\/\/www1.esev.ipv.pt\/dacomunicacao\/index.php?rest_route=\/wp\/v2\/posts"}],"about":[{"href":"https:\/\/www1.esev.ipv.pt\/dacomunicacao\/index.php?rest_route=\/wp\/v2\/types\/post"}],"author":[{"embeddable":true,"href":"https:\/\/www1.esev.ipv.pt\/dacomunicacao\/index.php?rest_route=\/wp\/v2\/users\/4"}],"replies":[{"embeddable":true,"href":"https:\/\/www1.esev.ipv.pt\/dacomunicacao\/index.php?rest_route=%2Fwp%2Fv2%2Fcomments&post=19855"}],"version-history":[{"count":2,"href":"https:\/\/www1.esev.ipv.pt\/dacomunicacao\/index.php?rest_route=\/wp\/v2\/posts\/19855\/revisions"}],"predecessor-version":[{"id":19961,"href":"https:\/\/www1.esev.ipv.pt\/dacomunicacao\/index.php?rest_route=\/wp\/v2\/posts\/19855\/revisions\/19961"}],"wp:featuredmedia":[{"embeddable":true,"href":"https:\/\/www1.esev.ipv.pt\/dacomunicacao\/index.php?rest_route=\/wp\/v2\/media\/19856"}],"wp:attachment":[{"href":"https:\/\/www1.esev.ipv.pt\/dacomunicacao\/index.php?rest_route=%2Fwp%2Fv2%2Fmedia&parent=19855"}],"wp:term":[{"taxonomy":"category","embeddable":true,"href":"https:\/\/www1.esev.ipv.pt\/dacomunicacao\/index.php?rest_route=%2Fwp%2Fv2%2Fcategories&post=19855"},{"taxonomy":"post_tag","embeddable":true,"href":"https:\/\/www1.esev.ipv.pt\/dacomunicacao\/index.php?rest_route=%2Fwp%2Fv2%2Ftags&post=19855"}],"curies":[{"name":"wp","href":"https:\/\/api.w.org\/{rel}","templated":true}]}}