{"id":19672,"date":"2024-11-18T18:28:53","date_gmt":"2024-11-18T18:28:53","guid":{"rendered":"https:\/\/www1.esev.ipv.pt\/dacomunicacao\/?p=19672"},"modified":"2024-11-18T18:28:56","modified_gmt":"2024-11-18T18:28:56","slug":"esta-de-volta-o-evento-agueda-e-natal","status":"publish","type":"post","link":"https:\/\/www1.esev.ipv.pt\/dacomunicacao\/?p=19672","title":{"rendered":"Est\u00e1 de volta o evento \u201c\u00c1gueda \u00e9 Natal\u201d"},"content":{"rendered":"\n<p><em><strong>A inaugura\u00e7\u00e3o das luzes de natal aconteceu no dia 16 de novembro, e marca o in\u00edcio do \u201c\u00c1gueda \u00e9 Natal\u201d, o evento que traz o Maior Pai Natal do Mundo de volta ao Largo 1\u00ba de Maio.<\/strong><\/em><\/p>\n\n\n\n<p><strong>Por: Ivone Sim\u00f5es<\/strong><\/p>\n\n\n\n<p>\u00c1gueda recebe, at\u00e9 dia 12 de janeiro, o evento \u201c\u00c1gueda \u00e9 Natal\u201d. O ic\u00f3nico Maior Pai Natal do Mundo, t\u00edtulo reconhecido pelo <em>Guiness<\/em>, com 21 metros de altura, volta a marcar presen\u00e7a. O Menor Pai Natal do Mundo, observ\u00e1vel apenas pelo microsc\u00f3pio, tamb\u00e9m est\u00e1 de regresso. A nano-estrutura do artista Willard Wigan est\u00e1 exposta no Posto de Turismo de \u00c1gueda. A cidade colorida ganha ainda, este ano, uma nova figura de destaque: o Boneco de Neve gigante, junto \u00e0 Escola Secund\u00e1ria Marques de Castilho, que promete ter a mesma altura que o Pai Natal.<\/p>\n\n\n\n<p>A programa\u00e7\u00e3o permanente conta ainda com a oportunidade de embarcar no Comboio Hist\u00f3rico do Vouga, aos s\u00e1bados, de 23 de novembro a 4 de janeiro. A viagem leva os visitantes de Aveiro a Macinhata do Vouga, onde h\u00e1 uma visita guiada pelo Museu Ferrovi\u00e1rio e uma mostra de do\u00e7aria t\u00edpica da regi\u00e3o.<\/p>\n\n\n\n<p>Para al\u00e9m destas atra\u00e7\u00f5es, a cidade conta com uma extensa agenda cultural e art\u00edstica, para todos os p\u00fablicos, a ter lugar em v\u00e1rios locais da cidade. Da programa\u00e7\u00e3o fazem parte espet\u00e1culos musicais, teatro, cinema, jogos e at\u00e9 culin\u00e1ria.<\/p>\n\n\n\n<p>V\u00e1rias ilumina\u00e7\u00f5es e decora\u00e7\u00f5es natal\u00edcias in\u00e9ditas podem ser observadas por toda a cidade, pelo que a visita \u00e9 totalmente gratuita.<\/p>\n","protected":false},"excerpt":{"rendered":"<p>A inaugura\u00e7\u00e3o das luzes de natal aconteceu no dia 16 de novembro, e marca o in\u00edcio do \u201c\u00c1gueda \u00e9 Natal\u201d,<\/p>\n","protected":false},"author":14,"featured_media":19674,"comment_status":"open","ping_status":"open","sticky":false,"template":"","format":"standard","meta":[],"categories":[15],"tags":[34,328,472],"_links":{"self":[{"href":"https:\/\/www1.esev.ipv.pt\/dacomunicacao\/index.php?rest_route=\/wp\/v2\/posts\/19672"}],"collection":[{"href":"https:\/\/www1.esev.ipv.pt\/dacomunicacao\/index.php?rest_route=\/wp\/v2\/posts"}],"about":[{"href":"https:\/\/www1.esev.ipv.pt\/dacomunicacao\/index.php?rest_route=\/wp\/v2\/types\/post"}],"author":[{"embeddable":true,"href":"https:\/\/www1.esev.ipv.pt\/dacomunicacao\/index.php?rest_route=\/wp\/v2\/users\/14"}],"replies":[{"embeddable":true,"href":"https:\/\/www1.esev.ipv.pt\/dacomunicacao\/index.php?rest_route=%2Fwp%2Fv2%2Fcomments&post=19672"}],"version-history":[{"count":1,"href":"https:\/\/www1.esev.ipv.pt\/dacomunicacao\/index.php?rest_route=\/wp\/v2\/posts\/19672\/revisions"}],"predecessor-version":[{"id":19675,"href":"https:\/\/www1.esev.ipv.pt\/dacomunicacao\/index.php?rest_route=\/wp\/v2\/posts\/19672\/revisions\/19675"}],"wp:featuredmedia":[{"embeddable":true,"href":"https:\/\/www1.esev.ipv.pt\/dacomunicacao\/index.php?rest_route=\/wp\/v2\/media\/19674"}],"wp:attachment":[{"href":"https:\/\/www1.esev.ipv.pt\/dacomunicacao\/index.php?rest_route=%2Fwp%2Fv2%2Fmedia&parent=19672"}],"wp:term":[{"taxonomy":"category","embeddable":true,"href":"https:\/\/www1.esev.ipv.pt\/dacomunicacao\/index.php?rest_route=%2Fwp%2Fv2%2Fcategories&post=19672"},{"taxonomy":"post_tag","embeddable":true,"href":"https:\/\/www1.esev.ipv.pt\/dacomunicacao\/index.php?rest_route=%2Fwp%2Fv2%2Ftags&post=19672"}],"curies":[{"name":"wp","href":"https:\/\/api.w.org\/{rel}","templated":true}]}}