{"id":19624,"date":"2024-11-13T17:35:02","date_gmt":"2024-11-13T17:35:02","guid":{"rendered":"https:\/\/www1.esev.ipv.pt\/dacomunicacao\/?p=19624"},"modified":"2024-11-14T19:35:18","modified_gmt":"2024-11-14T19:35:18","slug":"historias-de-abril-o-passado-contado-atraves-das-ilustracoes-jovens","status":"publish","type":"post","link":"https:\/\/www1.esev.ipv.pt\/dacomunicacao\/?p=19624","title":{"rendered":"Hist\u00f3rias de abril: o passado contado atrav\u00e9s das ilustra\u00e7\u00f5es jovens"},"content":{"rendered":"\n<p><strong><em>Museu Almeida Moreira abre portas esta quinta feira, 14 de novembro, para a terceira edi\u00e7\u00e3o da exposi\u00e7\u00e3o tempor\u00e1ria \u201cMILHO- Mostra de Ilustra\u00e7\u00e3o de lendas e Hist\u00f3rias de Outrora\u201d<\/em><\/strong><\/p>\n\n\n\n<p><strong>Por: Francisca Bernardes<\/strong><\/p>\n\n\n\n<p>A partir desta quinta feira, o Museu Almeida Moreira, em Viseu, recebe a terceira edi\u00e7\u00e3o da exposi\u00e7\u00e3o tempor\u00e1ria \u201cMilho &#8211; Mostra de Ilustra\u00e7\u00e3o de lendas e Hist\u00f3rias de Outrora\u201d, uma iniciativa que promove projetos de ilustra\u00e7\u00e3o dos alunos do curso de Artes Pl\u00e1sticas e Multim\u00e9dia da Escola Superior de Educa\u00e7\u00e3o de Viseu (ESEV). A inaugura\u00e7\u00e3o est\u00e1 marcada para as 11h30.&nbsp;<\/p>\n\n\n\n<p>Esta exposi\u00e7\u00e3o \u00e9 resultado de uma colabora\u00e7\u00e3o entre a ESEV e a\u00a0<a href=\"https:\/\/www.cm-viseu.pt\/pt\/\">C\u00e2mara\u00a0de Viseu<\/a> iniciada em 2022, que pretende expor os trabalhos realizados na unidade curricular de Desenho III. Este ano, os alunos s\u00e3o desafiados a ilustrar lendas e hist\u00f3rias de Viseu, aplicando assim as compet\u00eancias desenvolvidas em desenho e comunica\u00e7\u00e3o ao longo do curso. Uma experi\u00eancia que permite n\u00e3o s\u00f3 melhorar habilidades na \u00e1rea do desenho, mas tamb\u00e9m explorar o campo da produ\u00e7\u00e3o cultural.\u00a0<\/p>\n\n\n\n<p>Para a edi\u00e7\u00e3o de 2024, o tema escolhido celebra os 50 anos do 25 de abril e por isso os alunos e professores desenvolvem ilustra\u00e7\u00f5es inspiradas em Viseu que estejam ligadas \u00e0 repress\u00e3o, resist\u00eancia e liberdade.&nbsp;<\/p>\n\n\n\n<p>A exposi\u00e7\u00e3o \u201cMILHO\u201d estar\u00e1 dispon\u00edvel ao p\u00fablico at\u00e9 4 de janeiro de 2025, oferecendo assim uma oportunidade \u00fanica para que seja poss\u00edvel apreciar a liga\u00e7\u00e3o entre a arte e o patrim\u00f3nio cultural de Viseu.&nbsp;<\/p>\n","protected":false},"excerpt":{"rendered":"<p>Museu Almeida Moreira abre portas esta quinta feira, 14 de novembro, para a terceira edi\u00e7\u00e3o da exposi\u00e7\u00e3o tempor\u00e1ria \u201cMILHO- Mostra<\/p>\n","protected":false},"author":39,"featured_media":19625,"comment_status":"open","ping_status":"open","sticky":false,"template":"","format":"standard","meta":[],"categories":[15,10],"tags":[336,4857,292,4858],"_links":{"self":[{"href":"https:\/\/www1.esev.ipv.pt\/dacomunicacao\/index.php?rest_route=\/wp\/v2\/posts\/19624"}],"collection":[{"href":"https:\/\/www1.esev.ipv.pt\/dacomunicacao\/index.php?rest_route=\/wp\/v2\/posts"}],"about":[{"href":"https:\/\/www1.esev.ipv.pt\/dacomunicacao\/index.php?rest_route=\/wp\/v2\/types\/post"}],"author":[{"embeddable":true,"href":"https:\/\/www1.esev.ipv.pt\/dacomunicacao\/index.php?rest_route=\/wp\/v2\/users\/39"}],"replies":[{"embeddable":true,"href":"https:\/\/www1.esev.ipv.pt\/dacomunicacao\/index.php?rest_route=%2Fwp%2Fv2%2Fcomments&post=19624"}],"version-history":[{"count":2,"href":"https:\/\/www1.esev.ipv.pt\/dacomunicacao\/index.php?rest_route=\/wp\/v2\/posts\/19624\/revisions"}],"predecessor-version":[{"id":19634,"href":"https:\/\/www1.esev.ipv.pt\/dacomunicacao\/index.php?rest_route=\/wp\/v2\/posts\/19624\/revisions\/19634"}],"wp:featuredmedia":[{"embeddable":true,"href":"https:\/\/www1.esev.ipv.pt\/dacomunicacao\/index.php?rest_route=\/wp\/v2\/media\/19625"}],"wp:attachment":[{"href":"https:\/\/www1.esev.ipv.pt\/dacomunicacao\/index.php?rest_route=%2Fwp%2Fv2%2Fmedia&parent=19624"}],"wp:term":[{"taxonomy":"category","embeddable":true,"href":"https:\/\/www1.esev.ipv.pt\/dacomunicacao\/index.php?rest_route=%2Fwp%2Fv2%2Fcategories&post=19624"},{"taxonomy":"post_tag","embeddable":true,"href":"https:\/\/www1.esev.ipv.pt\/dacomunicacao\/index.php?rest_route=%2Fwp%2Fv2%2Ftags&post=19624"}],"curies":[{"name":"wp","href":"https:\/\/api.w.org\/{rel}","templated":true}]}}