{"id":19567,"date":"2024-11-03T11:27:13","date_gmt":"2024-11-03T11:27:13","guid":{"rendered":"https:\/\/www1.esev.ipv.pt\/dacomunicacao\/?p=19567"},"modified":"2024-11-03T11:27:15","modified_gmt":"2024-11-03T11:27:15","slug":"da-tradicao-a-modernidade-feira-dos-santos-de-regresso-a-mangualde-este-fim-de-semana","status":"publish","type":"post","link":"https:\/\/www1.esev.ipv.pt\/dacomunicacao\/?p=19567","title":{"rendered":"\u201cDa tradi\u00e7\u00e3o \u00e0 Modernidade\u201d: Feira dos Santos de regresso a Mangualde este fim de semana"},"content":{"rendered":"\n<p><strong><em>Ao longo de 3 dias de muita festa a cidade de Mangualde recebe, mais uma vez, a tradicional Feira dos Santos.<\/em><\/strong><\/p>\n\n\n\n<p><strong>Por: David Almeida<\/strong><\/p>\n\n\n\n<p>A Feira dos Santos est\u00e1 de regresso a Mangualde este fim de semana 1, 2 e 3 de novembro. O certame, com mais de tr\u00eas s\u00e9culos de hist\u00f3ria, conta nesta edi\u00e7\u00e3o com cerca de 400 expositores das mais variadas \u00e1reas de neg\u00f3cio.<\/p>\n\n\n\n<p>Tal como \u00e9 costume, j\u00e1 h\u00e1 v\u00e1rios anos, a feira dos santos acontece em diversos pontos da cidade: A restaura\u00e7\u00e3o pode ser encontrada no Largo das Escolas e junto ao Mercado Municipal. O Mercado Municipal acolhe in\u00fameras iniciativas, tais como: Showcookings, encontros e anima\u00e7\u00e3o cultural. J\u00e1 no Largo Dr. Couto, numa tenda de grandes dimens\u00f5es, encontra-se instalada a Expovinhos e artesanato.<\/p>\n\n\n\n<p>\u201cAguardamos milhares de pessoas no nosso evento rei, no qual iremos mostrar o melhor que o concelho tem para oferecer, assim como a forte din\u00e2mica dos setores prim\u00e1rio, empresarial e industrial\u201d, refere Marco almeida, presidente da C\u00e2mara Municipal de Mangualde.<\/p>\n\n\n\n<p>O ponto alto do certame ser\u00e1 a emiss\u00e3o do programa popular \u201cAqui Portugal\u201d da RTP1, com transmiss\u00e3o em direto das 11h30 \u00e0s 12h59 e das 14h45 \u00e0s 19h59. De recordar que durante muitas edi\u00e7\u00f5es a transmiss\u00e3o do certame foi entregue ao Somos Portugal da TVI, que recentemente teve o seu fim anunciado pelo canal.&nbsp;<\/p>\n\n\n\n<p>Este ano, no fim de semana anterior \u00e0 Feira dos Santos\u201d, decorreu a \u201cFeira dos Santos \u00e0 Mesa\u201d, com o objetivo de \u201cpotenciar e incentivar os restaurantes do concelho a servirem refei\u00e7\u00f5es alusivas ao evento\u201d.<\/p>\n","protected":false},"excerpt":{"rendered":"<p>Ao longo de 3 dias de muita festa a cidade de Mangualde recebe, mais uma vez, a tradicional Feira dos<\/p>\n","protected":false},"author":25,"featured_media":19568,"comment_status":"open","ping_status":"open","sticky":false,"template":"","format":"standard","meta":[],"categories":[15,1,462],"tags":[4847,4846],"_links":{"self":[{"href":"https:\/\/www1.esev.ipv.pt\/dacomunicacao\/index.php?rest_route=\/wp\/v2\/posts\/19567"}],"collection":[{"href":"https:\/\/www1.esev.ipv.pt\/dacomunicacao\/index.php?rest_route=\/wp\/v2\/posts"}],"about":[{"href":"https:\/\/www1.esev.ipv.pt\/dacomunicacao\/index.php?rest_route=\/wp\/v2\/types\/post"}],"author":[{"embeddable":true,"href":"https:\/\/www1.esev.ipv.pt\/dacomunicacao\/index.php?rest_route=\/wp\/v2\/users\/25"}],"replies":[{"embeddable":true,"href":"https:\/\/www1.esev.ipv.pt\/dacomunicacao\/index.php?rest_route=%2Fwp%2Fv2%2Fcomments&post=19567"}],"version-history":[{"count":1,"href":"https:\/\/www1.esev.ipv.pt\/dacomunicacao\/index.php?rest_route=\/wp\/v2\/posts\/19567\/revisions"}],"predecessor-version":[{"id":19569,"href":"https:\/\/www1.esev.ipv.pt\/dacomunicacao\/index.php?rest_route=\/wp\/v2\/posts\/19567\/revisions\/19569"}],"wp:featuredmedia":[{"embeddable":true,"href":"https:\/\/www1.esev.ipv.pt\/dacomunicacao\/index.php?rest_route=\/wp\/v2\/media\/19568"}],"wp:attachment":[{"href":"https:\/\/www1.esev.ipv.pt\/dacomunicacao\/index.php?rest_route=%2Fwp%2Fv2%2Fmedia&parent=19567"}],"wp:term":[{"taxonomy":"category","embeddable":true,"href":"https:\/\/www1.esev.ipv.pt\/dacomunicacao\/index.php?rest_route=%2Fwp%2Fv2%2Fcategories&post=19567"},{"taxonomy":"post_tag","embeddable":true,"href":"https:\/\/www1.esev.ipv.pt\/dacomunicacao\/index.php?rest_route=%2Fwp%2Fv2%2Ftags&post=19567"}],"curies":[{"name":"wp","href":"https:\/\/api.w.org\/{rel}","templated":true}]}}