{"id":19540,"date":"2024-10-28T16:45:23","date_gmt":"2024-10-28T16:45:23","guid":{"rendered":"https:\/\/www1.esev.ipv.pt\/dacomunicacao\/?p=19540"},"modified":"2024-11-03T18:17:20","modified_gmt":"2024-11-03T18:17:20","slug":"caminhada-de-halloween-em-valmaior-promete-noite-de-sustos-e-diversao","status":"publish","type":"post","link":"https:\/\/www1.esev.ipv.pt\/dacomunicacao\/?p=19540","title":{"rendered":"Caminhada de Halloween em Valmaior promete noite de sustos e divers\u00e3o"},"content":{"rendered":"\n<p><strong><em>A tradicional Caminhada de Halloween, organizada pelo grupo Unidos de Valmaior, est\u00e1 de volta e promete ser um evento cheio de sustos e anima\u00e7\u00e3o. Marcada para o dia 31 de outubro, a caminhada ter\u00e1 in\u00edcio \u00e0s 20h30, partindo do Parque de Lazer de Valmaior.<\/em><\/strong><\/p>\n\n\n\n<p>Por In\u00eas Lopes <\/p>\n\n\n\n<p>Com um percurso de 5 km, o evento contar\u00e1 com 41 pontos de &#8220;susto&#8221;, distribu\u00eddos ao longo de caminhos locais, como a encosta do Almalho e a Quinta da F\u00e1brica de Papel. A experi\u00eancia ser\u00e1 intensificada com a participa\u00e7\u00e3o de 60 animadores, todos dedicados a criar um ambiente de terror e divers\u00e3o. Segundo Rui Santos, presidente do grupo organizador, a iniciativa convida os participantes a uma noite de Halloween \u201cinesquec\u00edvel\u201d.<\/p>\n\n\n\n<p>Andreia Silva, terapeuta da fala, participa na caminhada h\u00e1 3 anos consecutivos, afirmando que \u201c\u00e9 uma caminhada muito interativa, no qual existem diversas surpresas e principalmente sustos ao longo do percurso.\u201d Refere ainda que, \u201ca parte mais engra\u00e7ada e medonha \u00e9 que nunca sabemos onde est\u00e3o escondidos\u201d.&nbsp;<\/p>\n\n\n\n<p>As inscri\u00e7\u00f5es fecham hoje, para quem ainda deseja participar podem aceder ao formul\u00e1rio disponibilizado no perfil do Instagram do Jornal de Albergaria.<\/p>\n","protected":false},"excerpt":{"rendered":"<p>A tradicional Caminhada de Halloween, organizada pelo grupo Unidos de Valmaior, est\u00e1 de volta e promete ser um evento cheio<\/p>\n","protected":false},"author":25,"featured_media":7988,"comment_status":"open","ping_status":"open","sticky":false,"template":"","format":"standard","meta":[],"categories":[15,1],"tags":[1339],"_links":{"self":[{"href":"https:\/\/www1.esev.ipv.pt\/dacomunicacao\/index.php?rest_route=\/wp\/v2\/posts\/19540"}],"collection":[{"href":"https:\/\/www1.esev.ipv.pt\/dacomunicacao\/index.php?rest_route=\/wp\/v2\/posts"}],"about":[{"href":"https:\/\/www1.esev.ipv.pt\/dacomunicacao\/index.php?rest_route=\/wp\/v2\/types\/post"}],"author":[{"embeddable":true,"href":"https:\/\/www1.esev.ipv.pt\/dacomunicacao\/index.php?rest_route=\/wp\/v2\/users\/25"}],"replies":[{"embeddable":true,"href":"https:\/\/www1.esev.ipv.pt\/dacomunicacao\/index.php?rest_route=%2Fwp%2Fv2%2Fcomments&post=19540"}],"version-history":[{"count":1,"href":"https:\/\/www1.esev.ipv.pt\/dacomunicacao\/index.php?rest_route=\/wp\/v2\/posts\/19540\/revisions"}],"predecessor-version":[{"id":19541,"href":"https:\/\/www1.esev.ipv.pt\/dacomunicacao\/index.php?rest_route=\/wp\/v2\/posts\/19540\/revisions\/19541"}],"wp:featuredmedia":[{"embeddable":true,"href":"https:\/\/www1.esev.ipv.pt\/dacomunicacao\/index.php?rest_route=\/wp\/v2\/media\/7988"}],"wp:attachment":[{"href":"https:\/\/www1.esev.ipv.pt\/dacomunicacao\/index.php?rest_route=%2Fwp%2Fv2%2Fmedia&parent=19540"}],"wp:term":[{"taxonomy":"category","embeddable":true,"href":"https:\/\/www1.esev.ipv.pt\/dacomunicacao\/index.php?rest_route=%2Fwp%2Fv2%2Fcategories&post=19540"},{"taxonomy":"post_tag","embeddable":true,"href":"https:\/\/www1.esev.ipv.pt\/dacomunicacao\/index.php?rest_route=%2Fwp%2Fv2%2Ftags&post=19540"}],"curies":[{"name":"wp","href":"https:\/\/api.w.org\/{rel}","templated":true}]}}