{"id":19417,"date":"2024-10-14T08:45:48","date_gmt":"2024-10-14T08:45:48","guid":{"rendered":"https:\/\/www1.esev.ipv.pt\/dacomunicacao\/?p=19417"},"modified":"2024-10-14T08:45:50","modified_gmt":"2024-10-14T08:45:50","slug":"aumento-dos-precos-dos-alojamentos-preocupa-estudantes-de-viseu","status":"publish","type":"post","link":"https:\/\/www1.esev.ipv.pt\/dacomunicacao\/?p=19417","title":{"rendered":"Aumento dos pre\u00e7os dos alojamentos preocupa estudantes de Viseu"},"content":{"rendered":"\n<p><strong><em>A cada ano que passa, a preocupa\u00e7\u00e3o dos estudantes do ensino superior \u00e9 maior devido ao pre\u00e7o dos alojamentos. Enquanto a procura de casas aumenta, os pre\u00e7os seguem o mesmo ritmo. Para perceber melhor a situa\u00e7\u00e3o fomos conhecer a realidade dos estudantes de Viseu e saber o que pensam sobre o tema.<\/em><\/strong><\/p>\n\n\n\n<p><strong>Por Ivone Sim\u00f5es, Jo\u00e3o Mota e Laura Almeida<\/strong><\/p>\n\n\n\n<p>Afonso Figueiredo, estudante da Escola Superior de Educa\u00e7\u00e3o de Viseu (ESEV), afirma que na sua procura por um alojamento teve \u201cpoucas op\u00e7\u00f5es e pre\u00e7os muito altos\u201d. &nbsp;Refere tamb\u00e9m que \u201c\u00e9 muito dif\u00edcil arranjar quarto perto da localiza\u00e7\u00e3o onde estou a estudar\u201d e que apesar do apartamento apresentar boas condi\u00e7\u00f5es \u201cn\u00e3o vale o pre\u00e7o que estou a pagar\u201d.<\/p>\n\n\n\n<p>J\u00e1 In\u00eas Ars\u00e9nio, aluna do segundo ano do curso de Educa\u00e7\u00e3o Social na ESEV, optou por este ano entrar nas resid\u00eancias, \u201capesar de n\u00e3o haver tanta privacidade. N\u00e3o \u00e9 t\u00e3o acolhedor como uma casa porque em casa tens um quarto pr\u00f3prio, mas o que compensa \u00e9 ser mais barato\u201d.<\/p>\n\n\n\n<p>O presidente da Associa\u00e7\u00e3o de Estudantes da ESEV (AE ESEV), S\u00e9rgio Marques, refere que existem cada vez mais queixas por parte dos alunos, sobre a procura, as condi\u00e7\u00f5es e os pre\u00e7os de alojamentos para estudantes. Afirma que os alunos \u201cdiziam que n\u00e3o tinham (alojamento), mas grande parte dos que j\u00e1 tinham, que eram poucos, j\u00e1 tinham estado \u00e0 procura h\u00e1 mais de um m\u00eas. Eles ainda n\u00e3o tinham a certeza se iam entrar em Viseu ou n\u00e3o, mas j\u00e1 estavam \u00e0 procura de alojamento.\u201d<\/p>\n\n\n\n<p>Como tal, a AE entende que uma das solu\u00e7\u00f5es \u00e9 encaminhar os alunos para as resid\u00eancias do Instituto Polit\u00e9cnico de Viseu (IPV), apesar dos entraves \u201cos \u00fanicos s\u00edtios para onde n\u00f3s podemos realmente encaminhar \u00e9 para as resid\u00eancias que tamb\u00e9m ficam a abarrotar\u201d, explica S\u00e9rgio Marques.<\/p>\n\n\n\n<p>Apesar de as resid\u00eancias serem uma op\u00e7\u00e3o mais econ\u00f3mica, os pre\u00e7os tamb\u00e9m sofreram um aumento este ano letivo, passando de 84,07 euros, para 89,12 euros, isto para alunos bolseiros. Os estudantes n\u00e3o bolseiros pagam valores mais altos que oscilam entre 120 e 160 euros.<\/p>\n\n\n\n<p>Segundo o Observat\u00f3rio do Alojamento Estudantil, o pre\u00e7o m\u00e1ximo que um estudante pode pagar por um quarto em Viseu ronda os 306 euros e o pre\u00e7o m\u00e9dio ronda os 200 euros. Quanto \u00e0 disponibilidade de quartos, neste relat\u00f3rio s\u00e3o referenciados 101 quartos dispon\u00edveis, valor mais baixos do que o n\u00famero de alunos que entram no ensino superior em Viseu todos os anos. De acordo com o site da DGES, Dire\u00e7\u00e3o Geral do Ensino Superior, entraram em Viseu mais de mil e duzentos alunos, no ano letivo de 2024\/2025.<\/p>\n","protected":false},"excerpt":{"rendered":"<p>A cada ano que passa, a preocupa\u00e7\u00e3o dos estudantes do ensino superior \u00e9 maior devido ao pre\u00e7o dos alojamentos. Enquanto a procura de casas aumenta, os pre\u00e7os seguem o mesmo ritmo. Para perceber melhor a situa\u00e7\u00e3o fomos conhecer a realidade dos estudantes de Viseu e saber o que pensam sobre o tema.<\/p>\n","protected":false},"author":4,"featured_media":19418,"comment_status":"open","ping_status":"open","sticky":false,"template":"","format":"standard","meta":[],"categories":[10,11],"tags":[3758,290,330],"_links":{"self":[{"href":"https:\/\/www1.esev.ipv.pt\/dacomunicacao\/index.php?rest_route=\/wp\/v2\/posts\/19417"}],"collection":[{"href":"https:\/\/www1.esev.ipv.pt\/dacomunicacao\/index.php?rest_route=\/wp\/v2\/posts"}],"about":[{"href":"https:\/\/www1.esev.ipv.pt\/dacomunicacao\/index.php?rest_route=\/wp\/v2\/types\/post"}],"author":[{"embeddable":true,"href":"https:\/\/www1.esev.ipv.pt\/dacomunicacao\/index.php?rest_route=\/wp\/v2\/users\/4"}],"replies":[{"embeddable":true,"href":"https:\/\/www1.esev.ipv.pt\/dacomunicacao\/index.php?rest_route=%2Fwp%2Fv2%2Fcomments&post=19417"}],"version-history":[{"count":1,"href":"https:\/\/www1.esev.ipv.pt\/dacomunicacao\/index.php?rest_route=\/wp\/v2\/posts\/19417\/revisions"}],"predecessor-version":[{"id":19419,"href":"https:\/\/www1.esev.ipv.pt\/dacomunicacao\/index.php?rest_route=\/wp\/v2\/posts\/19417\/revisions\/19419"}],"wp:featuredmedia":[{"embeddable":true,"href":"https:\/\/www1.esev.ipv.pt\/dacomunicacao\/index.php?rest_route=\/wp\/v2\/media\/19418"}],"wp:attachment":[{"href":"https:\/\/www1.esev.ipv.pt\/dacomunicacao\/index.php?rest_route=%2Fwp%2Fv2%2Fmedia&parent=19417"}],"wp:term":[{"taxonomy":"category","embeddable":true,"href":"https:\/\/www1.esev.ipv.pt\/dacomunicacao\/index.php?rest_route=%2Fwp%2Fv2%2Fcategories&post=19417"},{"taxonomy":"post_tag","embeddable":true,"href":"https:\/\/www1.esev.ipv.pt\/dacomunicacao\/index.php?rest_route=%2Fwp%2Fv2%2Ftags&post=19417"}],"curies":[{"name":"wp","href":"https:\/\/api.w.org\/{rel}","templated":true}]}}