{"id":19286,"date":"2024-09-30T17:32:27","date_gmt":"2024-09-30T17:32:27","guid":{"rendered":"https:\/\/www1.esev.ipv.pt\/dacomunicacao\/?p=19286"},"modified":"2024-09-30T17:35:28","modified_gmt":"2024-09-30T17:35:28","slug":"tondelenses-levam-a-melhor-no-derbi-beirao","status":"publish","type":"post","link":"https:\/\/www1.esev.ipv.pt\/dacomunicacao\/?p=19286","title":{"rendered":"Tondelenses levam a melhor no d\u00e9rbi beir\u00e3o"},"content":{"rendered":"\n<p><strong><em>No jogo a contar para a sexta jornada da liga Portugal 2, a vit\u00f3ria sorriu ao C.D. Tondela, que goleou o seu rival, Acad\u00e9mico de Viseu F.C., no dia 28 de setembro, por uns expressivos 4-1 no Est\u00e1dio Jo\u00e3o Cardoso, em Tondela. <\/em><\/strong>  <strong><em>Antes do in\u00edcio do jogo , houve ainda uma sentida homenagem aos bombeiros volunt\u00e1rios dos concelhos do distrito de Viseu, tamb\u00e9m para homenagear os concelhos mais afetados pelos fogos em Portugal, os jogadores do Acad\u00e9mico de Viseu utilizaram nas suas camisolas, o nome desses mesmos concelhos<\/em><\/strong><\/p>\n\n\n\n<p>Por: Diogo Costa<\/p>\n\n\n\n<p>O jogo come\u00e7ou com precau\u00e7\u00f5es defensivas de ambas as partes, nada fazia prever uma primeira parte cheia de golos, mas \u00e0 passagem do minuto 16\u2019, na sequ\u00eancia de um livre cobrado para a \u00e1rea, o defesa, Ricardo Alves, abriu a contagem para a equipa da casa. Ainda nem tinha passado um minuto desde o primeiro golo e, o Tondela dobrou a vantagem por interm\u00e9dio do seu avan\u00e7ado, Roberto. O Acad\u00e9mico de Viseu, com mais posse de bola, reduziu a vantagem ao minuto 28\u2019 por Yuri Ara\u00fajo. Depois, \u00e0 passagem do minuto 38\u2019 atrav\u00e9s da convers\u00e3o de uma grande penalidade ap\u00f3s m\u00e3o do defesa central do Acad\u00e9mico de Viseu, o Tondela aumentou a vantagem para 3-1 atrav\u00e9s de Maranh\u00e3o, vantagem esta que se manteve at\u00e9 ao intervalo.<\/p>\n\n\n\n<p>Na segunda parte, o \u00e1rbitro esteve muito envolvido no jogo, ao mostrar 7 cart\u00f5es amarelos e ainda 1 cart\u00e3o vermelho, por acumula\u00e7\u00e3o de amarelos, ao jogador do Acad\u00e9mico de Viseu, Mohamed Aidara. Foi j\u00e1 contra 10 jogadores que o Tondela ampliou a contagem e deu contornos de goleada ao jogo, Maranh\u00e3o bisou e fez assim o 4-1 final.<\/p>\n\n\n\n<p>Com esta vit\u00f3ria o C.D. Tondela ultrapassou o rival, Acad\u00e9mico, ainda que com os mesmos pontos, ocupam o terceiro e quarto lugar, respetivamente.<\/p>\n","protected":false},"excerpt":{"rendered":"<p>No jogo a contar para a sexta jornada da liga Portugal 2, a vit\u00f3ria sorriu ao C.D. Tondela, que goleou<\/p>\n","protected":false},"author":49,"featured_media":19289,"comment_status":"open","ping_status":"open","sticky":false,"template":"","format":"standard","meta":[],"categories":[1],"tags":[4687,666,20,4820],"_links":{"self":[{"href":"https:\/\/www1.esev.ipv.pt\/dacomunicacao\/index.php?rest_route=\/wp\/v2\/posts\/19286"}],"collection":[{"href":"https:\/\/www1.esev.ipv.pt\/dacomunicacao\/index.php?rest_route=\/wp\/v2\/posts"}],"about":[{"href":"https:\/\/www1.esev.ipv.pt\/dacomunicacao\/index.php?rest_route=\/wp\/v2\/types\/post"}],"author":[{"embeddable":true,"href":"https:\/\/www1.esev.ipv.pt\/dacomunicacao\/index.php?rest_route=\/wp\/v2\/users\/49"}],"replies":[{"embeddable":true,"href":"https:\/\/www1.esev.ipv.pt\/dacomunicacao\/index.php?rest_route=%2Fwp%2Fv2%2Fcomments&post=19286"}],"version-history":[{"count":3,"href":"https:\/\/www1.esev.ipv.pt\/dacomunicacao\/index.php?rest_route=\/wp\/v2\/posts\/19286\/revisions"}],"predecessor-version":[{"id":19291,"href":"https:\/\/www1.esev.ipv.pt\/dacomunicacao\/index.php?rest_route=\/wp\/v2\/posts\/19286\/revisions\/19291"}],"wp:featuredmedia":[{"embeddable":true,"href":"https:\/\/www1.esev.ipv.pt\/dacomunicacao\/index.php?rest_route=\/wp\/v2\/media\/19289"}],"wp:attachment":[{"href":"https:\/\/www1.esev.ipv.pt\/dacomunicacao\/index.php?rest_route=%2Fwp%2Fv2%2Fmedia&parent=19286"}],"wp:term":[{"taxonomy":"category","embeddable":true,"href":"https:\/\/www1.esev.ipv.pt\/dacomunicacao\/index.php?rest_route=%2Fwp%2Fv2%2Fcategories&post=19286"},{"taxonomy":"post_tag","embeddable":true,"href":"https:\/\/www1.esev.ipv.pt\/dacomunicacao\/index.php?rest_route=%2Fwp%2Fv2%2Ftags&post=19286"}],"curies":[{"name":"wp","href":"https:\/\/api.w.org\/{rel}","templated":true}]}}