{"id":19149,"date":"2024-06-06T09:38:12","date_gmt":"2024-06-06T09:38:12","guid":{"rendered":"https:\/\/www.esev.ipv.pt\/dacomunicacao\/?p=19149"},"modified":"2024-06-06T09:39:11","modified_gmt":"2024-06-06T09:39:11","slug":"lamego-celebra-no-proximo-fim-de-semana-a-feira-medieval","status":"publish","type":"post","link":"https:\/\/www1.esev.ipv.pt\/dacomunicacao\/?p=19149","title":{"rendered":"Lamego celebra, no pr\u00f3ximo fim de semana, a feira medieval"},"content":{"rendered":"\n<p><em><strong>Ir\u00e1 decorrer no centro hist\u00f3rico da cidade de Lamego, mais uma edi\u00e7\u00e3o da Feira Medieval, no fim de semana em que se celebra o Dia de Portugal, de dia 7 a 10 de junho.<\/strong><\/em><\/p>\n\n\n\n<p>A C\u00e2mara Municipal de Lamego, respons\u00e1vel pela sua organiza\u00e7\u00e3o, descreve este evento como sendo &#8220;o maior evento de cria\u00e7\u00e3o medieval da regi\u00e3o&#8221;. A festa regressa \u00e0s ruas da zona mais alta de Lamego, entre o Castelo, a Pra\u00e7a do Com\u00e9rcio e o Jardim da Rep\u00fablica.<\/p>\n\n\n\n<p>\u00c0 semelhan\u00e7a das edi\u00e7\u00f5es anteriores, a Feira Medieval de Lamego contar\u00e1 com um mercado medieval, arruadas musicais, cortejos e torneios de armas. Durante a noite, haver\u00e1 uma pe\u00e7a de teatro, que se realiza no Castelo, e tamb\u00e9m um espet\u00e1culo pirot\u00e9cnico, por volta das 23h. <\/p>\n\n\n\n<p>Atrav\u00e9s da realiza\u00e7\u00e3o deste evento, o objetivo \u00e9 aumentar a atratividade tur\u00edstica do Bairro do Castelo e promover o com\u00e9rcio tradicional. <\/p>\n\n\n\n<p>Em mem\u00f3ria de D. Afonso Henriques e das Cortes de Lamego, celebra-se assim, mais um ano, a Feira Medieval da Lamego. A C\u00e2mara j\u00e1 abriu as inscri\u00e7\u00f5es para os artes\u00e3os e comerciantes que quisessem participar na feira deste ano. <\/p>\n","protected":false},"excerpt":{"rendered":"<p>Ir\u00e1 decorrer no centro hist\u00f3rico da cidade de Lamego, mais uma edi\u00e7\u00e3o da Feira Medieval, no fim de semana em<\/p>\n","protected":false},"author":4,"featured_media":19173,"comment_status":"open","ping_status":"open","sticky":false,"template":"","format":"standard","meta":[],"categories":[15,1,462],"tags":[],"_links":{"self":[{"href":"https:\/\/www1.esev.ipv.pt\/dacomunicacao\/index.php?rest_route=\/wp\/v2\/posts\/19149"}],"collection":[{"href":"https:\/\/www1.esev.ipv.pt\/dacomunicacao\/index.php?rest_route=\/wp\/v2\/posts"}],"about":[{"href":"https:\/\/www1.esev.ipv.pt\/dacomunicacao\/index.php?rest_route=\/wp\/v2\/types\/post"}],"author":[{"embeddable":true,"href":"https:\/\/www1.esev.ipv.pt\/dacomunicacao\/index.php?rest_route=\/wp\/v2\/users\/4"}],"replies":[{"embeddable":true,"href":"https:\/\/www1.esev.ipv.pt\/dacomunicacao\/index.php?rest_route=%2Fwp%2Fv2%2Fcomments&post=19149"}],"version-history":[{"count":3,"href":"https:\/\/www1.esev.ipv.pt\/dacomunicacao\/index.php?rest_route=\/wp\/v2\/posts\/19149\/revisions"}],"predecessor-version":[{"id":19174,"href":"https:\/\/www1.esev.ipv.pt\/dacomunicacao\/index.php?rest_route=\/wp\/v2\/posts\/19149\/revisions\/19174"}],"wp:featuredmedia":[{"embeddable":true,"href":"https:\/\/www1.esev.ipv.pt\/dacomunicacao\/index.php?rest_route=\/wp\/v2\/media\/19173"}],"wp:attachment":[{"href":"https:\/\/www1.esev.ipv.pt\/dacomunicacao\/index.php?rest_route=%2Fwp%2Fv2%2Fmedia&parent=19149"}],"wp:term":[{"taxonomy":"category","embeddable":true,"href":"https:\/\/www1.esev.ipv.pt\/dacomunicacao\/index.php?rest_route=%2Fwp%2Fv2%2Fcategories&post=19149"},{"taxonomy":"post_tag","embeddable":true,"href":"https:\/\/www1.esev.ipv.pt\/dacomunicacao\/index.php?rest_route=%2Fwp%2Fv2%2Ftags&post=19149"}],"curies":[{"name":"wp","href":"https:\/\/api.w.org\/{rel}","templated":true}]}}