{"id":19117,"date":"2024-06-06T08:34:14","date_gmt":"2024-06-06T08:34:14","guid":{"rendered":"https:\/\/www.esev.ipv.pt\/dacomunicacao\/?p=19117"},"modified":"2024-06-06T09:54:36","modified_gmt":"2024-06-06T09:54:36","slug":"oeiras-assinala-dia-do-municipio-a-7-de-junho","status":"publish","type":"post","link":"https:\/\/www1.esev.ipv.pt\/dacomunicacao\/?p=19117","title":{"rendered":"Oeiras assinala Dia do Munic\u00edpio a 7 de junho"},"content":{"rendered":"\n<h5><em>Sess\u00e3o solene com atribui\u00e7\u00e3o de medalhas e tr\u00eas inaugura\u00e7\u00f5es comp\u00f5em programa comemorativo<\/em><\/h5>\n\n\n\n<p>Esta sexta-feira, dia 7 de junho, assinalam-se os 265 anos da eleva\u00e7\u00e3o de Oeiras a concelho. Para comemorar a data, o Munic\u00edpio tem preparado um programa que, al\u00e9m da habitual cerim\u00f3nia solene com atribui\u00e7\u00e3o de medalhas de reconhecimento e m\u00e9rito a v\u00e1rias individualidades e institui\u00e7\u00f5es do concelho, inclui tr\u00eas inaugura\u00e7\u00f5es.<br><br>O primeiro equipamento a ser inaugurado ser\u00e1 o Polidesportivo da Escola B\u00e1sica Visconde de Leceia, em Barcarena, que foi requalificado.<\/p>\n\n\n\n<p>Esta interven\u00e7\u00e3o, cujo investimento municipal foi de 150 mil euros, visou a cria\u00e7\u00e3o de um espa\u00e7o desportivo inclusivo com condi\u00e7\u00f5es necess\u00e1rias para a pr\u00e1tica desportiva formal e informal. Al\u00e9m do uso escolar, este espa\u00e7o foi projetado de forma a que a sua utiliza\u00e7\u00e3o tamb\u00e9m possa ser efetuada pelo p\u00fablico em geral.<\/p>\n\n\n\n<p>Seguidamente, ser\u00e1 inaugurado o Parque Infantil da pedreira Italiana que cumpre agora as condi\u00e7\u00f5es e exig\u00eancias da popula\u00e7\u00e3o. A interven\u00e7\u00e3o incluiu a redefini\u00e7\u00e3o das \u00e1reas pavimentadas e a cria\u00e7\u00e3o de espa\u00e7os para recrea\u00e7\u00e3o ativa com a instala\u00e7\u00e3o de equipamentos adequados, complementados por mobili\u00e1rio urbano. O investimento municipal foi de 160 mil euros.<\/p>\n\n\n\n<p>Por fim, no \u00e2mbito das comemora\u00e7\u00f5es do Dia do Munic\u00edpio, ser\u00e1 inaugurada a reabilita\u00e7\u00e3o do Foyer do Antigo Cinema Stadium, no edif\u00edcio do Sport Alg\u00e9s e Dafundo, que agora tem as condi\u00e7\u00f5es necess\u00e1rias para acolher a banda da Academia Musical Oeirense, permitindo a dinamiza\u00e7\u00e3o de atividades ligadas \u00e0 m\u00fasica e forma\u00e7\u00e3o musical.&nbsp;<br><br>A obra, com um investimento municipal de 130 mil euros, incidiu sobre os espa\u00e7os interiores e exteriores que comp\u00f5em o Foyer dos pisos 0 e 1 do Antigo \u201cCinema Stadium\u201d, contemplando a renova\u00e7\u00e3o da fachada existente, um audit\u00f3rio exterior, duas salas polivalentes, renova\u00e7\u00e3o das instala\u00e7\u00f5es sanit\u00e1rias existentes e espa\u00e7os de arrumos, com uma \u00e1rea total de 342 m2.&nbsp;<\/p>\n\n\n\n<figure class=\"wp-block-image size-large\"><img loading=\"lazy\" width=\"1024\" height=\"512\" src=\"https:\/\/www.esev.ipv.pt\/dacomunicacao\/wp-content\/uploads\/2024\/06\/Banners_7-junho_TWITTER-1024x512.jpg\" alt=\"\" class=\"wp-image-19123\" srcset=\"https:\/\/www1.esev.ipv.pt\/dacomunicacao\/wp-content\/uploads\/2024\/06\/Banners_7-junho_TWITTER-1024x512.jpg 1024w, https:\/\/www1.esev.ipv.pt\/dacomunicacao\/wp-content\/uploads\/2024\/06\/Banners_7-junho_TWITTER-300x150.jpg 300w, https:\/\/www1.esev.ipv.pt\/dacomunicacao\/wp-content\/uploads\/2024\/06\/Banners_7-junho_TWITTER-768x384.jpg 768w, https:\/\/www1.esev.ipv.pt\/dacomunicacao\/wp-content\/uploads\/2024\/06\/Banners_7-junho_TWITTER-1536x768.jpg 1536w, https:\/\/www1.esev.ipv.pt\/dacomunicacao\/wp-content\/uploads\/2024\/06\/Banners_7-junho_TWITTER.jpg 1875w\" sizes=\"(max-width: 1024px) 100vw, 1024px\" \/><\/figure>\n","protected":false},"excerpt":{"rendered":"<p>Sess\u00e3o solene com atribui\u00e7\u00e3o de medalhas e tr\u00eas inaugura\u00e7\u00f5es comp\u00f5em programa comemorativo Esta sexta-feira, dia 7 de junho, assinalam-se os<\/p>\n","protected":false},"author":4,"featured_media":19167,"comment_status":"open","ping_status":"open","sticky":false,"template":"","format":"standard","meta":[],"categories":[15,462],"tags":[280,68,3682],"_links":{"self":[{"href":"https:\/\/www1.esev.ipv.pt\/dacomunicacao\/index.php?rest_route=\/wp\/v2\/posts\/19117"}],"collection":[{"href":"https:\/\/www1.esev.ipv.pt\/dacomunicacao\/index.php?rest_route=\/wp\/v2\/posts"}],"about":[{"href":"https:\/\/www1.esev.ipv.pt\/dacomunicacao\/index.php?rest_route=\/wp\/v2\/types\/post"}],"author":[{"embeddable":true,"href":"https:\/\/www1.esev.ipv.pt\/dacomunicacao\/index.php?rest_route=\/wp\/v2\/users\/4"}],"replies":[{"embeddable":true,"href":"https:\/\/www1.esev.ipv.pt\/dacomunicacao\/index.php?rest_route=%2Fwp%2Fv2%2Fcomments&post=19117"}],"version-history":[{"count":3,"href":"https:\/\/www1.esev.ipv.pt\/dacomunicacao\/index.php?rest_route=\/wp\/v2\/posts\/19117\/revisions"}],"predecessor-version":[{"id":19182,"href":"https:\/\/www1.esev.ipv.pt\/dacomunicacao\/index.php?rest_route=\/wp\/v2\/posts\/19117\/revisions\/19182"}],"wp:featuredmedia":[{"embeddable":true,"href":"https:\/\/www1.esev.ipv.pt\/dacomunicacao\/index.php?rest_route=\/wp\/v2\/media\/19167"}],"wp:attachment":[{"href":"https:\/\/www1.esev.ipv.pt\/dacomunicacao\/index.php?rest_route=%2Fwp%2Fv2%2Fmedia&parent=19117"}],"wp:term":[{"taxonomy":"category","embeddable":true,"href":"https:\/\/www1.esev.ipv.pt\/dacomunicacao\/index.php?rest_route=%2Fwp%2Fv2%2Fcategories&post=19117"},{"taxonomy":"post_tag","embeddable":true,"href":"https:\/\/www1.esev.ipv.pt\/dacomunicacao\/index.php?rest_route=%2Fwp%2Fv2%2Ftags&post=19117"}],"curies":[{"name":"wp","href":"https:\/\/api.w.org\/{rel}","templated":true}]}}