{"id":18870,"date":"2024-03-25T16:53:16","date_gmt":"2024-03-25T16:53:16","guid":{"rendered":"https:\/\/www.esev.ipv.pt\/dacomunicacao\/?p=18870"},"modified":"2024-03-25T16:53:17","modified_gmt":"2024-03-25T16:53:17","slug":"o-futuro-da-profissao-somos-nos-afirma-a-jornalista-marcia-silva-goncalves","status":"publish","type":"post","link":"https:\/\/www1.esev.ipv.pt\/dacomunicacao\/?p=18870","title":{"rendered":"\u201cO futuro da profiss\u00e3o somos n\u00f3s\u201d, afirma a jornalista M\u00e1rcia Silva Gon\u00e7alves"},"content":{"rendered":"\n<p><strong><em>No dia 14 mar\u00e7o de 2024, jornalistas de todo o pa\u00eds, incluindo M\u00e1rcia Silva Gon\u00e7alves, interromperam as suas fun\u00e7\u00f5es profissionais para uma paralisa\u00e7\u00e3o laboral. Esta greve, a primeira em 42 anos, surgiu como resposta \u00e0s condi\u00e7\u00f5es laborais prec\u00e1rias, sal\u00e1rios estagnados e press\u00f5es crescentes por produtividade enfrentadas pela classe jornal\u00edstica do pa\u00eds.<\/em><\/strong><\/p>\n\n\n\n<p><strong>Por: Maria Morais<\/strong><\/p>\n\n\n\n<p>M\u00e1rcia Gon\u00e7alves, uma jornalista com forma\u00e7\u00e3o diversificada, desde laborat\u00f3rios de an\u00e1lises cl\u00ednicas at\u00e9 reda\u00e7\u00f5es, defende os direitos dos profissionais e a valoriza\u00e7\u00e3o da profiss\u00e3o, atrav\u00e9s desta greve. Com uma trajet\u00f3ria acad\u00e9mica que inclui uma licenciatura em Comunica\u00e7\u00e3o Social, p\u00f3s-gradua\u00e7\u00e3o em Qualidade e Tecnologia Alimentar e mestrado em Comunica\u00e7\u00e3o e Jornalismo, destaca a import\u00e2ncia de experi\u00eancias como o programa Erasmus, que ampliam horizontes e enriquecem a forma\u00e7\u00e3o dos jovens jornalistas. &#8220;Um bom jornalista procura sempre saber mais, e estar mais informado\u201d, afirma M\u00e1rcia Silva Gon\u00e7alves.<\/p>\n\n\n\n<figure class=\"wp-block-image size-large\"><img loading=\"lazy\" width=\"1024\" height=\"768\" src=\"https:\/\/www.esev.ipv.pt\/dacomunicacao\/wp-content\/uploads\/2024\/03\/IMG_9946-1024x768.jpeg\" alt=\"\" class=\"wp-image-18873\" srcset=\"https:\/\/www1.esev.ipv.pt\/dacomunicacao\/wp-content\/uploads\/2024\/03\/IMG_9946-1024x768.jpeg 1024w, https:\/\/www1.esev.ipv.pt\/dacomunicacao\/wp-content\/uploads\/2024\/03\/IMG_9946-300x225.jpeg 300w, https:\/\/www1.esev.ipv.pt\/dacomunicacao\/wp-content\/uploads\/2024\/03\/IMG_9946-768x576.jpeg 768w, https:\/\/www1.esev.ipv.pt\/dacomunicacao\/wp-content\/uploads\/2024\/03\/IMG_9946-1536x1152.jpeg 1536w, https:\/\/www1.esev.ipv.pt\/dacomunicacao\/wp-content\/uploads\/2024\/03\/IMG_9946-2048x1536.jpeg 2048w\" sizes=\"(max-width: 1024px) 100vw, 1024px\" \/><figcaption>Carolina Vicente, presidente do N\u00facleo de Estudantes de Comunica\u00e7\u00e3o Social, entrevistou a jornalista M\u00e1rcia Silva Gon\u00e7alves<\/figcaption><\/figure>\n\n\n\n<p>Ap\u00f3s estagiar no Porto Canal, a jornalista passou pela delega\u00e7\u00e3o de Viseu do canal nortenho e, em 2018, ap\u00f3s o encerramento desta delega\u00e7\u00e3o, encontrou um novo lar na SIC, onde se tem destacado nos \u00faltimos cinco anos. A falar para os alunos da Escola Superior de Educa\u00e7\u00e3o de Viseu, no \u00e2mbito dos Dias de Comunica\u00e7\u00e3o Social, M\u00e1rcia Silva Gon\u00e7alves aborda o jornalismo como uma responsabilidade social, e tem como principal foco, contar a verdade e cumprir o c\u00f3digo deontol\u00f3gico com dignidade e honestidade, com uma inten\u00e7\u00e3o crucial, dar sempre voz aos que n\u00e3o t\u00eam voz.<\/p>\n\n\n\n<p>Para M\u00e1rcia Gon\u00e7alves, o futuro do jornalismo reside na pr\u00f3xima gera\u00e7\u00e3o que deve enfrentar desafios gigantes em um cen\u00e1rio de tempos conturbados. No entanto, encara o que est\u00e1 por vir com otimismo: \u201co futuro da profiss\u00e3o somos n\u00f3s\u201d, afirma a profissional, frisando a import\u00e2ncia do companheirismo e do trabalho em equipa para superar os obst\u00e1culos do dia a dia. &#8220;H\u00e1 dias em que a adrenalina toma conta de n\u00f3s, e tamb\u00e9m h\u00e1 dias em que o corpo n\u00e3o nos deixa continuar, por isso \u00e9 que \u00e9 t\u00e3o importante haver companheirismo e trabalho de equipa&#8221;, sublinha a jornalista.<\/p>\n\n\n\n<p>Os Dias de Comunica\u00e7\u00e3o Social realizaram-se nos passados dias 20 e 21 de mar\u00e7o, no \u00e2mbito do 29.\u00ba anivers\u00e1rio do curso de licenciatura em Comunica\u00e7\u00e3o Social e este ano o enfoque foram as tem\u00e1ticas da liberdade de express\u00e3o e dos direitos humanos no jornalismo, a par com os media locais enquanto espa\u00e7os de resist\u00eancia.<\/p>\n","protected":false},"excerpt":{"rendered":"<p>No dia 14 mar\u00e7o de 2024, jornalistas de todo o pa\u00eds, incluindo M\u00e1rcia Silva Gon\u00e7alves, interromperam as suas fun\u00e7\u00f5es profissionais<\/p>\n","protected":false},"author":4,"featured_media":18872,"comment_status":"open","ping_status":"open","sticky":false,"template":"","format":"standard","meta":[],"categories":[1,10],"tags":[4574,345],"_links":{"self":[{"href":"https:\/\/www1.esev.ipv.pt\/dacomunicacao\/index.php?rest_route=\/wp\/v2\/posts\/18870"}],"collection":[{"href":"https:\/\/www1.esev.ipv.pt\/dacomunicacao\/index.php?rest_route=\/wp\/v2\/posts"}],"about":[{"href":"https:\/\/www1.esev.ipv.pt\/dacomunicacao\/index.php?rest_route=\/wp\/v2\/types\/post"}],"author":[{"embeddable":true,"href":"https:\/\/www1.esev.ipv.pt\/dacomunicacao\/index.php?rest_route=\/wp\/v2\/users\/4"}],"replies":[{"embeddable":true,"href":"https:\/\/www1.esev.ipv.pt\/dacomunicacao\/index.php?rest_route=%2Fwp%2Fv2%2Fcomments&post=18870"}],"version-history":[{"count":2,"href":"https:\/\/www1.esev.ipv.pt\/dacomunicacao\/index.php?rest_route=\/wp\/v2\/posts\/18870\/revisions"}],"predecessor-version":[{"id":18874,"href":"https:\/\/www1.esev.ipv.pt\/dacomunicacao\/index.php?rest_route=\/wp\/v2\/posts\/18870\/revisions\/18874"}],"wp:featuredmedia":[{"embeddable":true,"href":"https:\/\/www1.esev.ipv.pt\/dacomunicacao\/index.php?rest_route=\/wp\/v2\/media\/18872"}],"wp:attachment":[{"href":"https:\/\/www1.esev.ipv.pt\/dacomunicacao\/index.php?rest_route=%2Fwp%2Fv2%2Fmedia&parent=18870"}],"wp:term":[{"taxonomy":"category","embeddable":true,"href":"https:\/\/www1.esev.ipv.pt\/dacomunicacao\/index.php?rest_route=%2Fwp%2Fv2%2Fcategories&post=18870"},{"taxonomy":"post_tag","embeddable":true,"href":"https:\/\/www1.esev.ipv.pt\/dacomunicacao\/index.php?rest_route=%2Fwp%2Fv2%2Ftags&post=18870"}],"curies":[{"name":"wp","href":"https:\/\/api.w.org\/{rel}","templated":true}]}}