{"id":18412,"date":"2023-11-28T19:31:18","date_gmt":"2023-11-28T19:31:18","guid":{"rendered":"https:\/\/www.esev.ipv.pt\/dacomunicacao\/?p=18412"},"modified":"2023-11-28T19:31:20","modified_gmt":"2023-11-28T19:31:20","slug":"academico-de-viseu-distinguido-no-futebol-feminino-na-gala-das-campeas-record","status":"publish","type":"post","link":"https:\/\/www1.esev.ipv.pt\/dacomunicacao\/?p=18412","title":{"rendered":"Acad\u00e9mico de Viseu distinguido no futebol feminino na Gala das Campe\u00e3s Record"},"content":{"rendered":"\n<p><strong><em>O emblema Viriato, foi esta segunda-feira vencedor do pr\u00e9mio \u201cM\u00e9rito, maior crescimento\u201d na Gala das Campe\u00e3s Record, que distingue o clube que mais cresceu em n\u00famero de praticantes no \u00faltimo ano (mais de 100 atletas).<\/em><\/strong><\/p>\n\n\n\n<p>Por Ant\u00f3nio Santos<\/p>\n\n\n\n<p>Mariano L\u00f3pez, presidente do Acad\u00e9mico de Viseu, enalteceu o trabalho desenvolvido e destacou a import\u00e2ncia do futebol feminino. \u201cEste pr\u00e9mio \u00e9 certamente apenas o primeiro de um projeto de sucesso e que \u00e9 transversal, no futebol feminino, no futebol profissional, mas tamb\u00e9m na forma\u00e7\u00e3o e na responsabilidade social\u201d, afirmou.<\/p>\n\n\n\n<p>Durante o discurso o presidente dos viseenses, real\u00e7ou tamb\u00e9m \u201co talento das mulheres de Viseu\u201d, sem esquecer a regi\u00e3o. \u201cAcreditamos verdadeiramente num clube que seja espelho da identidade da regi\u00e3o. Quanto maior for essa identidade, maior ser\u00e1 a nossa for\u00e7a e mais perto estaremos do sucesso\u201d, concluiu.<\/p>\n\n\n\n<p>Esta \u00e9poca desportiva tem sido marcada pela aposta forte do Acad\u00e9mico no futebol feminino, nos diversos escal\u00f5es, desde a forma\u00e7\u00e3o aos seniores contando j\u00e1 com mais de 100 atletas.<\/p>\n\n\n\n<p>Marco Pereira \u00e9 o treinador da equipa principal feminina que entrou nos campeonatos nacionais pela III Divis\u00e3o, mas com a ambi\u00e7\u00e3o de poder subir ao segundo escal\u00e3o j\u00e1 esta temporada. Com seis jogos efetuados, a equipa de Viseu est\u00e1 na terceira posi\u00e7\u00e3o do grupo F, com 13 pontos, fruto de quatro vit\u00f3rias e dois empates, e na luta para passar \u00e0 pr\u00f3xima fase: est\u00e1 a um ponto do segundo e a tr\u00eas do primeiro.<\/p>\n\n\n\n<p>O projeto do futebol feminino esteve previsto apenas para 2024 mas foi antecipado e arrancou no \u00faltimo ver\u00e3o e tem correspondido \u00e0s expectativas da dire\u00e7\u00e3o e dos adeptos do emblema academista.<\/p>\n","protected":false},"excerpt":{"rendered":"<p>O emblema Viriato, foi esta segunda-feira vencedor do pr\u00e9mio \u201cM\u00e9rito, maior crescimento\u201d na Gala das Campe\u00e3s Record, que distingue o<\/p>\n","protected":false},"author":45,"featured_media":18413,"comment_status":"open","ping_status":"open","sticky":false,"template":"","format":"standard","meta":[],"categories":[13],"tags":[500,2207,4692],"_links":{"self":[{"href":"https:\/\/www1.esev.ipv.pt\/dacomunicacao\/index.php?rest_route=\/wp\/v2\/posts\/18412"}],"collection":[{"href":"https:\/\/www1.esev.ipv.pt\/dacomunicacao\/index.php?rest_route=\/wp\/v2\/posts"}],"about":[{"href":"https:\/\/www1.esev.ipv.pt\/dacomunicacao\/index.php?rest_route=\/wp\/v2\/types\/post"}],"author":[{"embeddable":true,"href":"https:\/\/www1.esev.ipv.pt\/dacomunicacao\/index.php?rest_route=\/wp\/v2\/users\/45"}],"replies":[{"embeddable":true,"href":"https:\/\/www1.esev.ipv.pt\/dacomunicacao\/index.php?rest_route=%2Fwp%2Fv2%2Fcomments&post=18412"}],"version-history":[{"count":1,"href":"https:\/\/www1.esev.ipv.pt\/dacomunicacao\/index.php?rest_route=\/wp\/v2\/posts\/18412\/revisions"}],"predecessor-version":[{"id":18414,"href":"https:\/\/www1.esev.ipv.pt\/dacomunicacao\/index.php?rest_route=\/wp\/v2\/posts\/18412\/revisions\/18414"}],"wp:featuredmedia":[{"embeddable":true,"href":"https:\/\/www1.esev.ipv.pt\/dacomunicacao\/index.php?rest_route=\/wp\/v2\/media\/18413"}],"wp:attachment":[{"href":"https:\/\/www1.esev.ipv.pt\/dacomunicacao\/index.php?rest_route=%2Fwp%2Fv2%2Fmedia&parent=18412"}],"wp:term":[{"taxonomy":"category","embeddable":true,"href":"https:\/\/www1.esev.ipv.pt\/dacomunicacao\/index.php?rest_route=%2Fwp%2Fv2%2Fcategories&post=18412"},{"taxonomy":"post_tag","embeddable":true,"href":"https:\/\/www1.esev.ipv.pt\/dacomunicacao\/index.php?rest_route=%2Fwp%2Fv2%2Ftags&post=18412"}],"curies":[{"name":"wp","href":"https:\/\/api.w.org\/{rel}","templated":true}]}}