{"id":18266,"date":"2023-11-25T00:05:23","date_gmt":"2023-11-25T00:05:23","guid":{"rendered":"https:\/\/www.esev.ipv.pt\/dacomunicacao\/?p=18266"},"modified":"2023-11-27T11:30:42","modified_gmt":"2023-11-27T11:30:42","slug":"o-instituto-politecnico-de-viseu-regista-um-aumento-de-estudantes-estrangeiros-no-ano-letivo-2023-24","status":"publish","type":"post","link":"https:\/\/www1.esev.ipv.pt\/dacomunicacao\/?p=18266","title":{"rendered":"Polit\u00e9cnico de Viseu regista aumento de estudantes estrangeiros no ano letivo 2023\/24"},"content":{"rendered":"\n<p><strong><em>No presente ano letivo 2023\/24, o Instituto Polit\u00e9cnico de Viseu (IPV) acolheu um total de 614 estudantes estrangeiros, consolidando a sua posi\u00e7\u00e3o como um destino acad\u00e9mico global. Oriundos maioritariamente da Europa, \u00c1frica e Am\u00e9rica do Sul, estes estudantes est\u00e3o distribu\u00eddos por todos os programas de estudo oferecidos pela institui\u00e7\u00e3o.<\/em><\/strong><\/p>\n\n\n\n<p><strong>Por Daniel de Oliveira<\/strong><\/p>\n\n\n\n<p>Jos\u00e9 Santos Costa, presidente em exerc\u00edcio do IPV, destaca este aumento como parte de uma tend\u00eancia nacional e sublinha a diversidade representada pelos 35 pa\u00edses de origem dos estudantes estrangeiros. &#8220;Temos atualmente 600 alunos de 35 nacionalidades estrangeiras a frequentar diferentes ciclos de estudos, o que confirma que o IPV \u00e9 um destino fi\u00e1vel, cada vez mais global e inclusivo&#8221;, afirmou.<\/p>\n\n\n\n<p>O IPV tem desempenhado um papel ativo na internacionaliza\u00e7\u00e3o da sua oferta educativa, chegando aos pa\u00edses de l\u00edngua portuguesa, europeus e asi\u00e1ticos. O presidente sublinha o esfor\u00e7o cont\u00ednuo de refor\u00e7o dos procedimentos de acolhimento, com vista a alargar ainda mais a presen\u00e7a significativa de estudantes internacionais.<\/p>\n\n\n\n<figure class=\"wp-block-image size-large is-resized\"><img loading=\"lazy\" src=\"https:\/\/www.esev.ipv.pt\/dacomunicacao\/wp-content\/uploads\/2023\/11\/estudantes-estrangeiros-IPV-3-1024x682.jpeg\" alt=\"\" class=\"wp-image-18267\" width=\"839\" height=\"558\" srcset=\"https:\/\/www1.esev.ipv.pt\/dacomunicacao\/wp-content\/uploads\/2023\/11\/estudantes-estrangeiros-IPV-3-1024x682.jpeg 1024w, https:\/\/www1.esev.ipv.pt\/dacomunicacao\/wp-content\/uploads\/2023\/11\/estudantes-estrangeiros-IPV-3-300x200.jpeg 300w, https:\/\/www1.esev.ipv.pt\/dacomunicacao\/wp-content\/uploads\/2023\/11\/estudantes-estrangeiros-IPV-3-768x511.jpeg 768w, https:\/\/www1.esev.ipv.pt\/dacomunicacao\/wp-content\/uploads\/2023\/11\/estudantes-estrangeiros-IPV-3.jpeg 1377w\" sizes=\"(max-width: 839px) 100vw, 839px\" \/><\/figure>\n\n\n\n<p>As cidades de Viseu e Lamego beneficiam n\u00e3o s\u00f3 do afluxo de estudantes, mas tamb\u00e9m da riqueza cultural que estes trazem consigo. &#8220;A qualidade de vida oferecida por Viseu e Lamego \u00e9 um complemento importante para atrair novos estudantes que procuram conciliar a vida estudantil com a vida social, cultural e desportiva&#8221;, comentou Jos\u00e9 Santos Costa.<\/p>\n\n\n\n<p>Brasil, Guin\u00e9-Bissau e Angola destacam-se como os principais pa\u00edses de origem dos estudantes estrangeiros, sendo o Brasil o l\u00edder entre os participantes no Programa Erasmus e Protocolos Bilaterais de Coopera\u00e7\u00e3o, com 114 estudantes de 13 pa\u00edses diferentes, entre os quais Cro\u00e1cia, Finl\u00e2ndia, Gr\u00e9cia, Pol\u00f3nia, Litu\u00e2nia, Turquia, It\u00e1lia, Let\u00f3nia, Espanha, Holanda, Alemanha e Rom\u00e9nia.<\/p>\n","protected":false},"excerpt":{"rendered":"<p>No presente ano letivo 2023\/24, o Instituto Polit\u00e9cnico de Viseu (IPV) acolheu um total de 614 estudantes estrangeiros, consolidando a sua posi\u00e7\u00e3o como um destino acad\u00e9mico global. Oriundos maioritariamente da Europa, \u00c1frica e Am\u00e9rica do Sul, estes estudantes est\u00e3o distribu\u00eddos por todos os programas de estudo oferecidos pela institui\u00e7\u00e3o.<\/p>\n","protected":false},"author":44,"featured_media":18268,"comment_status":"open","ping_status":"open","sticky":false,"template":"","format":"standard","meta":[],"categories":[1,10,462],"tags":[760,188,76],"_links":{"self":[{"href":"https:\/\/www1.esev.ipv.pt\/dacomunicacao\/index.php?rest_route=\/wp\/v2\/posts\/18266"}],"collection":[{"href":"https:\/\/www1.esev.ipv.pt\/dacomunicacao\/index.php?rest_route=\/wp\/v2\/posts"}],"about":[{"href":"https:\/\/www1.esev.ipv.pt\/dacomunicacao\/index.php?rest_route=\/wp\/v2\/types\/post"}],"author":[{"embeddable":true,"href":"https:\/\/www1.esev.ipv.pt\/dacomunicacao\/index.php?rest_route=\/wp\/v2\/users\/44"}],"replies":[{"embeddable":true,"href":"https:\/\/www1.esev.ipv.pt\/dacomunicacao\/index.php?rest_route=%2Fwp%2Fv2%2Fcomments&post=18266"}],"version-history":[{"count":4,"href":"https:\/\/www1.esev.ipv.pt\/dacomunicacao\/index.php?rest_route=\/wp\/v2\/posts\/18266\/revisions"}],"predecessor-version":[{"id":18391,"href":"https:\/\/www1.esev.ipv.pt\/dacomunicacao\/index.php?rest_route=\/wp\/v2\/posts\/18266\/revisions\/18391"}],"wp:featuredmedia":[{"embeddable":true,"href":"https:\/\/www1.esev.ipv.pt\/dacomunicacao\/index.php?rest_route=\/wp\/v2\/media\/18268"}],"wp:attachment":[{"href":"https:\/\/www1.esev.ipv.pt\/dacomunicacao\/index.php?rest_route=%2Fwp%2Fv2%2Fmedia&parent=18266"}],"wp:term":[{"taxonomy":"category","embeddable":true,"href":"https:\/\/www1.esev.ipv.pt\/dacomunicacao\/index.php?rest_route=%2Fwp%2Fv2%2Fcategories&post=18266"},{"taxonomy":"post_tag","embeddable":true,"href":"https:\/\/www1.esev.ipv.pt\/dacomunicacao\/index.php?rest_route=%2Fwp%2Fv2%2Ftags&post=18266"}],"curies":[{"name":"wp","href":"https:\/\/api.w.org\/{rel}","templated":true}]}}