{"id":18225,"date":"2023-11-24T16:37:11","date_gmt":"2023-11-24T16:37:11","guid":{"rendered":"https:\/\/www.esev.ipv.pt\/dacomunicacao\/?p=18225"},"modified":"2023-11-24T16:37:12","modified_gmt":"2023-11-24T16:37:12","slug":"a-educacao-artistica-e-muito-mais-que-so-a-sensibilidade-estetica-e-artistica","status":"publish","type":"post","link":"https:\/\/www1.esev.ipv.pt\/dacomunicacao\/?p=18225","title":{"rendered":"\u201cA educa\u00e7\u00e3o art\u00edstica \u00e9 muito mais que s\u00f3 a sensibilidade est\u00e9tica e art\u00edstica\u201d"},"content":{"rendered":"\n<p><em><strong>Nesta primeira sess\u00e3o plen\u00e1ria, moderada pela professora Carla Lacerda, o tema foi &#8220;Escola p\u00fablica: uma oportunidade de acesso \u00e0 cultura e \u00e0 arte?&#8221; Fizeram parte desta sess\u00e3o as oradoras Sara Brighenti, Ana Carreira e Cat Martins.<\/strong><\/em><\/p>\n\n\n\n<p>Por: Diogo Costa e Bruno Reis (Textos) e Bernardo Sol (Fotografia)<\/p>\n\n\n\n<p>Sara Brighenti falou do tema &#8220;Cidadania cultural: As artes e as culturas como media\u00e7\u00e3o&#8221; e trouxe algumas reflex\u00f5es \u00e0s propostas que est\u00e3o a ser apresentadas no plano nacional das artes. Quanto aos direitos culturais, Sara Brighenti fala em tr\u00eas premissas, sendo que a que merece maior destaque \u00e9 o facto de que &#8220;a participa\u00e7\u00e3o ativa na cultura fortalece a democracia&#8221;.<\/p>\n\n\n\n<p>J\u00e1 Ana Carreira expressou o seu pensamento quanto ao tema &#8220;Educa\u00e7\u00e3o art\u00edstica: um direito de todos&#8221;, e ao longo da sua apresenta\u00e7\u00e3o falou dos documentos orientadores, percursos de alunos e ex-alunos, desafios lan\u00e7ados com o recente contexto pand\u00e9mico e ainda os planos em movimento para a promo\u00e7\u00e3o da educa\u00e7\u00e3o art\u00edstica. &#8220;A educa\u00e7\u00e3o art\u00edstica \u00e9 muito mais que s\u00f3 a sensibilidade est\u00e9tica e art\u00edstica, \u00e9 tamb\u00e9m o desenvolvimento do pensamento cr\u00edtico e do pensamento criativo&#8221;, disse Ana Carreira, no que toca ao desenvolvimento, n\u00e3o s\u00f3 acad\u00e9mico, mas tamb\u00e9m social dos jovens.<\/p>\n\n\n\n<p>Ao terminar a sess\u00e3o, Cat Martins versou o tema &#8220;Abordagens para a decoloniadade da educa\u00e7\u00e3o art\u00edstica na escola p\u00fablica em Portugal&#8221;. Segundo Cat Martins, a sua interven\u00e7\u00e3o serviu para &#8220;falar de uma educa\u00e7\u00e3o art\u00edstica para todas as pessoas no futuro\u201d, que considera que \u201cainda n\u00e3o \u00e9, infelizmente, o presente&#8221;.<\/p>\n\n\n\n<p class=\"has-text-align-center\"><strong>A manh\u00e3 do CIEA em resumo: valoriza\u00e7\u00f5es e reflex\u00f5es<\/strong><\/p>\n\n\n\n<p>Veja aqui a galeria de fotos, que resumem a manh\u00e3 do CIEA:<\/p>\n\n\n\n<figure class=\"wp-block-gallery columns-3 is-cropped\"><ul class=\"blocks-gallery-grid\"><li class=\"blocks-gallery-item\"><figure><img loading=\"lazy\" width=\"684\" height=\"1024\" src=\"https:\/\/www.esev.ipv.pt\/dacomunicacao\/wp-content\/uploads\/2023\/11\/1000085760-684x1024.jpg\" alt=\"\" data-id=\"18226\" data-full-url=\"https:\/\/www.esev.ipv.pt\/dacomunicacao\/wp-content\/uploads\/2023\/11\/1000085760-rotated.jpg\" data-link=\"https:\/\/www.esev.ipv.pt\/dacomunicacao\/?attachment_id=18226\" class=\"wp-image-18226\" srcset=\"https:\/\/www1.esev.ipv.pt\/dacomunicacao\/wp-content\/uploads\/2023\/11\/1000085760-684x1024.jpg 684w, https:\/\/www1.esev.ipv.pt\/dacomunicacao\/wp-content\/uploads\/2023\/11\/1000085760-200x300.jpg 200w, https:\/\/www1.esev.ipv.pt\/dacomunicacao\/wp-content\/uploads\/2023\/11\/1000085760-768x1149.jpg 768w, https:\/\/www1.esev.ipv.pt\/dacomunicacao\/wp-content\/uploads\/2023\/11\/1000085760-1027x1536.jpg 1027w, https:\/\/www1.esev.ipv.pt\/dacomunicacao\/wp-content\/uploads\/2023\/11\/1000085760-rotated.jpg 1080w\" sizes=\"(max-width: 684px) 100vw, 684px\" \/><\/figure><\/li><li class=\"blocks-gallery-item\"><figure><img loading=\"lazy\" width=\"684\" height=\"1024\" src=\"https:\/\/www.esev.ipv.pt\/dacomunicacao\/wp-content\/uploads\/2023\/11\/1000085764-684x1024.jpg\" alt=\"\" data-id=\"18227\" data-full-url=\"https:\/\/www.esev.ipv.pt\/dacomunicacao\/wp-content\/uploads\/2023\/11\/1000085764-rotated.jpg\" data-link=\"https:\/\/www.esev.ipv.pt\/dacomunicacao\/?attachment_id=18227\" class=\"wp-image-18227\" srcset=\"https:\/\/www1.esev.ipv.pt\/dacomunicacao\/wp-content\/uploads\/2023\/11\/1000085764-684x1024.jpg 684w, https:\/\/www1.esev.ipv.pt\/dacomunicacao\/wp-content\/uploads\/2023\/11\/1000085764-200x300.jpg 200w, https:\/\/www1.esev.ipv.pt\/dacomunicacao\/wp-content\/uploads\/2023\/11\/1000085764-768x1149.jpg 768w, https:\/\/www1.esev.ipv.pt\/dacomunicacao\/wp-content\/uploads\/2023\/11\/1000085764-1027x1536.jpg 1027w, https:\/\/www1.esev.ipv.pt\/dacomunicacao\/wp-content\/uploads\/2023\/11\/1000085764-rotated.jpg 1080w\" sizes=\"(max-width: 684px) 100vw, 684px\" \/><\/figure><\/li><li class=\"blocks-gallery-item\"><figure><img loading=\"lazy\" width=\"1024\" height=\"684\" src=\"https:\/\/www.esev.ipv.pt\/dacomunicacao\/wp-content\/uploads\/2023\/11\/1000085778-1024x684.jpg\" alt=\"\" data-id=\"18228\" data-full-url=\"https:\/\/www.esev.ipv.pt\/dacomunicacao\/wp-content\/uploads\/2023\/11\/1000085778.jpg\" data-link=\"https:\/\/www.esev.ipv.pt\/dacomunicacao\/?attachment_id=18228\" class=\"wp-image-18228\" srcset=\"https:\/\/www1.esev.ipv.pt\/dacomunicacao\/wp-content\/uploads\/2023\/11\/1000085778-1024x684.jpg 1024w, https:\/\/www1.esev.ipv.pt\/dacomunicacao\/wp-content\/uploads\/2023\/11\/1000085778-300x200.jpg 300w, https:\/\/www1.esev.ipv.pt\/dacomunicacao\/wp-content\/uploads\/2023\/11\/1000085778-768x513.jpg 768w, https:\/\/www1.esev.ipv.pt\/dacomunicacao\/wp-content\/uploads\/2023\/11\/1000085778-1536x1027.jpg 1536w, https:\/\/www1.esev.ipv.pt\/dacomunicacao\/wp-content\/uploads\/2023\/11\/1000085778.jpg 1616w\" sizes=\"(max-width: 1024px) 100vw, 1024px\" \/><\/figure><\/li><li class=\"blocks-gallery-item\"><figure><img loading=\"lazy\" width=\"1024\" height=\"684\" src=\"https:\/\/www.esev.ipv.pt\/dacomunicacao\/wp-content\/uploads\/2023\/11\/1000085780-1024x684.jpg\" alt=\"\" data-id=\"18229\" data-full-url=\"https:\/\/www.esev.ipv.pt\/dacomunicacao\/wp-content\/uploads\/2023\/11\/1000085780.jpg\" data-link=\"https:\/\/www.esev.ipv.pt\/dacomunicacao\/?attachment_id=18229\" class=\"wp-image-18229\" srcset=\"https:\/\/www1.esev.ipv.pt\/dacomunicacao\/wp-content\/uploads\/2023\/11\/1000085780-1024x684.jpg 1024w, https:\/\/www1.esev.ipv.pt\/dacomunicacao\/wp-content\/uploads\/2023\/11\/1000085780-300x200.jpg 300w, https:\/\/www1.esev.ipv.pt\/dacomunicacao\/wp-content\/uploads\/2023\/11\/1000085780-768x513.jpg 768w, https:\/\/www1.esev.ipv.pt\/dacomunicacao\/wp-content\/uploads\/2023\/11\/1000085780-1536x1027.jpg 1536w, https:\/\/www1.esev.ipv.pt\/dacomunicacao\/wp-content\/uploads\/2023\/11\/1000085780.jpg 1616w\" sizes=\"(max-width: 1024px) 100vw, 1024px\" \/><\/figure><\/li><li class=\"blocks-gallery-item\"><figure><img loading=\"lazy\" width=\"1024\" height=\"684\" src=\"https:\/\/www.esev.ipv.pt\/dacomunicacao\/wp-content\/uploads\/2023\/11\/1000085788-1024x684.jpg\" alt=\"\" data-id=\"18230\" data-full-url=\"https:\/\/www.esev.ipv.pt\/dacomunicacao\/wp-content\/uploads\/2023\/11\/1000085788.jpg\" data-link=\"https:\/\/www.esev.ipv.pt\/dacomunicacao\/?attachment_id=18230\" class=\"wp-image-18230\" srcset=\"https:\/\/www1.esev.ipv.pt\/dacomunicacao\/wp-content\/uploads\/2023\/11\/1000085788-1024x684.jpg 1024w, https:\/\/www1.esev.ipv.pt\/dacomunicacao\/wp-content\/uploads\/2023\/11\/1000085788-300x200.jpg 300w, https:\/\/www1.esev.ipv.pt\/dacomunicacao\/wp-content\/uploads\/2023\/11\/1000085788-768x513.jpg 768w, https:\/\/www1.esev.ipv.pt\/dacomunicacao\/wp-content\/uploads\/2023\/11\/1000085788-1536x1027.jpg 1536w, https:\/\/www1.esev.ipv.pt\/dacomunicacao\/wp-content\/uploads\/2023\/11\/1000085788.jpg 1616w\" sizes=\"(max-width: 1024px) 100vw, 1024px\" \/><\/figure><\/li><li class=\"blocks-gallery-item\"><figure><img loading=\"lazy\" width=\"1024\" height=\"684\" src=\"https:\/\/www.esev.ipv.pt\/dacomunicacao\/wp-content\/uploads\/2023\/11\/1000085804-1024x684.jpg\" alt=\"\" data-id=\"18231\" data-full-url=\"https:\/\/www.esev.ipv.pt\/dacomunicacao\/wp-content\/uploads\/2023\/11\/1000085804.jpg\" data-link=\"https:\/\/www.esev.ipv.pt\/dacomunicacao\/?attachment_id=18231\" class=\"wp-image-18231\" srcset=\"https:\/\/www1.esev.ipv.pt\/dacomunicacao\/wp-content\/uploads\/2023\/11\/1000085804-1024x684.jpg 1024w, https:\/\/www1.esev.ipv.pt\/dacomunicacao\/wp-content\/uploads\/2023\/11\/1000085804-300x200.jpg 300w, https:\/\/www1.esev.ipv.pt\/dacomunicacao\/wp-content\/uploads\/2023\/11\/1000085804-768x513.jpg 768w, https:\/\/www1.esev.ipv.pt\/dacomunicacao\/wp-content\/uploads\/2023\/11\/1000085804-1536x1027.jpg 1536w, https:\/\/www1.esev.ipv.pt\/dacomunicacao\/wp-content\/uploads\/2023\/11\/1000085804.jpg 1616w\" sizes=\"(max-width: 1024px) 100vw, 1024px\" \/><\/figure><\/li><li class=\"blocks-gallery-item\"><figure><img loading=\"lazy\" width=\"1024\" height=\"684\" src=\"https:\/\/www.esev.ipv.pt\/dacomunicacao\/wp-content\/uploads\/2023\/11\/1000085806-1024x684.jpg\" alt=\"\" data-id=\"18232\" data-full-url=\"https:\/\/www.esev.ipv.pt\/dacomunicacao\/wp-content\/uploads\/2023\/11\/1000085806.jpg\" data-link=\"https:\/\/www.esev.ipv.pt\/dacomunicacao\/?attachment_id=18232\" class=\"wp-image-18232\" srcset=\"https:\/\/www1.esev.ipv.pt\/dacomunicacao\/wp-content\/uploads\/2023\/11\/1000085806-1024x684.jpg 1024w, https:\/\/www1.esev.ipv.pt\/dacomunicacao\/wp-content\/uploads\/2023\/11\/1000085806-300x200.jpg 300w, https:\/\/www1.esev.ipv.pt\/dacomunicacao\/wp-content\/uploads\/2023\/11\/1000085806-768x513.jpg 768w, https:\/\/www1.esev.ipv.pt\/dacomunicacao\/wp-content\/uploads\/2023\/11\/1000085806-1536x1027.jpg 1536w, https:\/\/www1.esev.ipv.pt\/dacomunicacao\/wp-content\/uploads\/2023\/11\/1000085806.jpg 1616w\" sizes=\"(max-width: 1024px) 100vw, 1024px\" \/><\/figure><\/li><li class=\"blocks-gallery-item\"><figure><img loading=\"lazy\" width=\"1024\" height=\"684\" src=\"https:\/\/www.esev.ipv.pt\/dacomunicacao\/wp-content\/uploads\/2023\/11\/1000085808-1024x684.jpg\" alt=\"\" data-id=\"18233\" data-full-url=\"https:\/\/www.esev.ipv.pt\/dacomunicacao\/wp-content\/uploads\/2023\/11\/1000085808.jpg\" data-link=\"https:\/\/www.esev.ipv.pt\/dacomunicacao\/?attachment_id=18233\" class=\"wp-image-18233\" srcset=\"https:\/\/www1.esev.ipv.pt\/dacomunicacao\/wp-content\/uploads\/2023\/11\/1000085808-1024x684.jpg 1024w, https:\/\/www1.esev.ipv.pt\/dacomunicacao\/wp-content\/uploads\/2023\/11\/1000085808-300x200.jpg 300w, https:\/\/www1.esev.ipv.pt\/dacomunicacao\/wp-content\/uploads\/2023\/11\/1000085808-768x513.jpg 768w, https:\/\/www1.esev.ipv.pt\/dacomunicacao\/wp-content\/uploads\/2023\/11\/1000085808-1536x1027.jpg 1536w, https:\/\/www1.esev.ipv.pt\/dacomunicacao\/wp-content\/uploads\/2023\/11\/1000085808.jpg 1616w\" sizes=\"(max-width: 1024px) 100vw, 1024px\" \/><\/figure><\/li><li class=\"blocks-gallery-item\"><figure><img loading=\"lazy\" width=\"1024\" height=\"684\" src=\"https:\/\/www.esev.ipv.pt\/dacomunicacao\/wp-content\/uploads\/2023\/11\/1000085814-1024x684.jpg\" alt=\"\" data-id=\"18234\" data-full-url=\"https:\/\/www.esev.ipv.pt\/dacomunicacao\/wp-content\/uploads\/2023\/11\/1000085814.jpg\" data-link=\"https:\/\/www.esev.ipv.pt\/dacomunicacao\/?attachment_id=18234\" class=\"wp-image-18234\" srcset=\"https:\/\/www1.esev.ipv.pt\/dacomunicacao\/wp-content\/uploads\/2023\/11\/1000085814-1024x684.jpg 1024w, https:\/\/www1.esev.ipv.pt\/dacomunicacao\/wp-content\/uploads\/2023\/11\/1000085814-300x200.jpg 300w, https:\/\/www1.esev.ipv.pt\/dacomunicacao\/wp-content\/uploads\/2023\/11\/1000085814-768x513.jpg 768w, https:\/\/www1.esev.ipv.pt\/dacomunicacao\/wp-content\/uploads\/2023\/11\/1000085814-1536x1027.jpg 1536w, https:\/\/www1.esev.ipv.pt\/dacomunicacao\/wp-content\/uploads\/2023\/11\/1000085814.jpg 1616w\" sizes=\"(max-width: 1024px) 100vw, 1024px\" \/><\/figure><\/li><li class=\"blocks-gallery-item\"><figure><img loading=\"lazy\" width=\"1024\" height=\"684\" src=\"https:\/\/www.esev.ipv.pt\/dacomunicacao\/wp-content\/uploads\/2023\/11\/1000085822-1024x684.jpg\" alt=\"\" data-id=\"18235\" data-full-url=\"https:\/\/www.esev.ipv.pt\/dacomunicacao\/wp-content\/uploads\/2023\/11\/1000085822.jpg\" data-link=\"https:\/\/www.esev.ipv.pt\/dacomunicacao\/?attachment_id=18235\" class=\"wp-image-18235\" srcset=\"https:\/\/www1.esev.ipv.pt\/dacomunicacao\/wp-content\/uploads\/2023\/11\/1000085822-1024x684.jpg 1024w, https:\/\/www1.esev.ipv.pt\/dacomunicacao\/wp-content\/uploads\/2023\/11\/1000085822-300x200.jpg 300w, https:\/\/www1.esev.ipv.pt\/dacomunicacao\/wp-content\/uploads\/2023\/11\/1000085822-768x513.jpg 768w, https:\/\/www1.esev.ipv.pt\/dacomunicacao\/wp-content\/uploads\/2023\/11\/1000085822-1536x1027.jpg 1536w, https:\/\/www1.esev.ipv.pt\/dacomunicacao\/wp-content\/uploads\/2023\/11\/1000085822.jpg 1616w\" sizes=\"(max-width: 1024px) 100vw, 1024px\" \/><\/figure><\/li><li class=\"blocks-gallery-item\"><figure><img loading=\"lazy\" width=\"1024\" height=\"684\" src=\"https:\/\/www.esev.ipv.pt\/dacomunicacao\/wp-content\/uploads\/2023\/11\/1000085824-2-1024x684.jpg\" alt=\"\" data-id=\"18236\" data-full-url=\"https:\/\/www.esev.ipv.pt\/dacomunicacao\/wp-content\/uploads\/2023\/11\/1000085824-2.jpg\" data-link=\"https:\/\/www.esev.ipv.pt\/dacomunicacao\/?attachment_id=18236\" class=\"wp-image-18236\" srcset=\"https:\/\/www1.esev.ipv.pt\/dacomunicacao\/wp-content\/uploads\/2023\/11\/1000085824-2-1024x684.jpg 1024w, https:\/\/www1.esev.ipv.pt\/dacomunicacao\/wp-content\/uploads\/2023\/11\/1000085824-2-300x200.jpg 300w, https:\/\/www1.esev.ipv.pt\/dacomunicacao\/wp-content\/uploads\/2023\/11\/1000085824-2-768x513.jpg 768w, https:\/\/www1.esev.ipv.pt\/dacomunicacao\/wp-content\/uploads\/2023\/11\/1000085824-2-1536x1027.jpg 1536w, https:\/\/www1.esev.ipv.pt\/dacomunicacao\/wp-content\/uploads\/2023\/11\/1000085824-2.jpg 1616w\" sizes=\"(max-width: 1024px) 100vw, 1024px\" \/><\/figure><\/li><li class=\"blocks-gallery-item\"><figure><img loading=\"lazy\" width=\"1024\" height=\"684\" src=\"https:\/\/www.esev.ipv.pt\/dacomunicacao\/wp-content\/uploads\/2023\/11\/10000858241-1024x684.jpg\" alt=\"\" data-id=\"18237\" data-full-url=\"https:\/\/www.esev.ipv.pt\/dacomunicacao\/wp-content\/uploads\/2023\/11\/10000858241.jpg\" data-link=\"https:\/\/www.esev.ipv.pt\/dacomunicacao\/?attachment_id=18237\" class=\"wp-image-18237\" srcset=\"https:\/\/www1.esev.ipv.pt\/dacomunicacao\/wp-content\/uploads\/2023\/11\/10000858241-1024x684.jpg 1024w, https:\/\/www1.esev.ipv.pt\/dacomunicacao\/wp-content\/uploads\/2023\/11\/10000858241-300x200.jpg 300w, https:\/\/www1.esev.ipv.pt\/dacomunicacao\/wp-content\/uploads\/2023\/11\/10000858241-768x513.jpg 768w, https:\/\/www1.esev.ipv.pt\/dacomunicacao\/wp-content\/uploads\/2023\/11\/10000858241-1536x1027.jpg 1536w, https:\/\/www1.esev.ipv.pt\/dacomunicacao\/wp-content\/uploads\/2023\/11\/10000858241.jpg 1616w\" sizes=\"(max-width: 1024px) 100vw, 1024px\" \/><\/figure><\/li><li class=\"blocks-gallery-item\"><figure><img loading=\"lazy\" width=\"1024\" height=\"684\" src=\"https:\/\/www.esev.ipv.pt\/dacomunicacao\/wp-content\/uploads\/2023\/11\/1000085842-1024x684.jpg\" alt=\"\" data-id=\"18238\" data-full-url=\"https:\/\/www.esev.ipv.pt\/dacomunicacao\/wp-content\/uploads\/2023\/11\/1000085842.jpg\" data-link=\"https:\/\/www.esev.ipv.pt\/dacomunicacao\/?attachment_id=18238\" class=\"wp-image-18238\" srcset=\"https:\/\/www1.esev.ipv.pt\/dacomunicacao\/wp-content\/uploads\/2023\/11\/1000085842-1024x684.jpg 1024w, https:\/\/www1.esev.ipv.pt\/dacomunicacao\/wp-content\/uploads\/2023\/11\/1000085842-300x200.jpg 300w, https:\/\/www1.esev.ipv.pt\/dacomunicacao\/wp-content\/uploads\/2023\/11\/1000085842-768x513.jpg 768w, https:\/\/www1.esev.ipv.pt\/dacomunicacao\/wp-content\/uploads\/2023\/11\/1000085842-1536x1027.jpg 1536w, https:\/\/www1.esev.ipv.pt\/dacomunicacao\/wp-content\/uploads\/2023\/11\/1000085842.jpg 1616w\" sizes=\"(max-width: 1024px) 100vw, 1024px\" \/><\/figure><\/li><li class=\"blocks-gallery-item\"><figure><img loading=\"lazy\" width=\"1024\" height=\"684\" src=\"https:\/\/www.esev.ipv.pt\/dacomunicacao\/wp-content\/uploads\/2023\/11\/1000085844-1024x684.jpg\" alt=\"\" data-id=\"18239\" data-full-url=\"https:\/\/www.esev.ipv.pt\/dacomunicacao\/wp-content\/uploads\/2023\/11\/1000085844.jpg\" data-link=\"https:\/\/www.esev.ipv.pt\/dacomunicacao\/?attachment_id=18239\" class=\"wp-image-18239\" srcset=\"https:\/\/www1.esev.ipv.pt\/dacomunicacao\/wp-content\/uploads\/2023\/11\/1000085844-1024x684.jpg 1024w, https:\/\/www1.esev.ipv.pt\/dacomunicacao\/wp-content\/uploads\/2023\/11\/1000085844-300x200.jpg 300w, https:\/\/www1.esev.ipv.pt\/dacomunicacao\/wp-content\/uploads\/2023\/11\/1000085844-768x513.jpg 768w, https:\/\/www1.esev.ipv.pt\/dacomunicacao\/wp-content\/uploads\/2023\/11\/1000085844-1536x1027.jpg 1536w, https:\/\/www1.esev.ipv.pt\/dacomunicacao\/wp-content\/uploads\/2023\/11\/1000085844.jpg 1616w\" sizes=\"(max-width: 1024px) 100vw, 1024px\" \/><\/figure><\/li><li class=\"blocks-gallery-item\"><figure><img loading=\"lazy\" width=\"1024\" height=\"684\" src=\"https:\/\/www.esev.ipv.pt\/dacomunicacao\/wp-content\/uploads\/2023\/11\/1000085848-1024x684.jpg\" alt=\"\" data-id=\"18240\" data-full-url=\"https:\/\/www.esev.ipv.pt\/dacomunicacao\/wp-content\/uploads\/2023\/11\/1000085848.jpg\" data-link=\"https:\/\/www.esev.ipv.pt\/dacomunicacao\/?attachment_id=18240\" class=\"wp-image-18240\" srcset=\"https:\/\/www1.esev.ipv.pt\/dacomunicacao\/wp-content\/uploads\/2023\/11\/1000085848-1024x684.jpg 1024w, https:\/\/www1.esev.ipv.pt\/dacomunicacao\/wp-content\/uploads\/2023\/11\/1000085848-300x200.jpg 300w, https:\/\/www1.esev.ipv.pt\/dacomunicacao\/wp-content\/uploads\/2023\/11\/1000085848-768x513.jpg 768w, https:\/\/www1.esev.ipv.pt\/dacomunicacao\/wp-content\/uploads\/2023\/11\/1000085848-1536x1027.jpg 1536w, https:\/\/www1.esev.ipv.pt\/dacomunicacao\/wp-content\/uploads\/2023\/11\/1000085848.jpg 1616w\" sizes=\"(max-width: 1024px) 100vw, 1024px\" \/><\/figure><\/li><\/ul><\/figure>\n\n\n\n<p>As sess\u00f5es da manh\u00e3 do primeiro dia do CIEA, Congresso de Investiga\u00e7\u00e3o em Educa\u00e7\u00e3o Art\u00edstica chegaram ao fim. A abertura do congresso, realizada por Ana Souto Melo, coordenadora do evento, acompanhada por Jos\u00e9 Costa, presidente do IPV &#8211; Instituto Polit\u00e9cnico de Viseu, Cristina Azevedo Gomes, presidente da ESEV &#8211; Escola Superior de Educa\u00e7\u00e3o De Viseu e Leonor Barata, vereadora da C\u00e2mara Municipal de Viseu, exp\u00f4s os objetivos do Congresso, como a &#8220;Valoriza\u00e7\u00e3o da Educa\u00e7\u00e3o Art\u00edstica&#8221; e uma reflex\u00e3o sobre as quest\u00f5es de forma\u00e7\u00e3o de professores na \u00e1rea art\u00edstica.<\/p>\n\n\n\n<p>Ana Souto Melo mencionou ainda, (numa entrevista a Diogo Costa, aluno de comunica\u00e7\u00e3o Social na ESEV), ter as \u201cmelhores expectativas poss\u00edveis para o Congresso\u201d.<\/p>\n\n\n\n<p>O CIEA homenageou Alberto B. Sousa, pela voz e as comunica\u00e7\u00f5es de Luc\u00edlia Valente e Ana Paula Proen\u00e7a, ambas professoras, num momento coordenado por Jos\u00e9 Perreira, professor da ESEV. Durante a homenagem, Luc\u00edlia Velante e Ana Paula Proen\u00e7a falaram sobre a vida de Alberto B. Sousa, desde o seu percurso acad\u00e9mico \u00e0 sua influ\u00eancia na \u00e1rea da educa\u00e7\u00e3o art\u00edstica.<\/p>\n\n\n\n<p>A manh\u00e3 terminou com a primeira sess\u00e3o plen\u00e1ria, que como tema teve, &#8220;Escola P\u00fablica: uma oportunidade de acesso a cultura e arte?&#8221;. A sess\u00e3o, moderada por Carla Lacerda, professora da ESEV, contou com a participa\u00e7\u00e3o de tr\u00eas oradoras, Sara Brighenti, que falou da &#8220;Cidadania Cultural: As artes e as culturas como media\u00e7\u00e3o&#8221;, Ana carreira, que abordou a &#8220;Educa\u00e7\u00e3o Art\u00edstica: um direito de todos&#8221; e Cat Martins, que comentou as &#8220;Abordagens para a decoloniabilidade da Educa\u00e7\u00e3o Art\u00edstica na Escola P\u00fablica em Portugal&#8221;.<\/p>\n\n\n\n<p>O CIEA continuar\u00e1 durante a tarde do dia 24 e o dia 25 de novembro.<\/p>\n","protected":false},"excerpt":{"rendered":"<p>Nesta primeira sess\u00e3o plen\u00e1ria, moderada pela professora Carla Lacerda, o tema foi &#8220;Escola p\u00fablica: uma oportunidade de acesso \u00e0 cultura<\/p>\n","protected":false},"author":42,"featured_media":18229,"comment_status":"open","ping_status":"open","sticky":false,"template":"","format":"standard","meta":[],"categories":[15,1,10,462],"tags":[4678,4676,4679,4671,292,330,4677],"_links":{"self":[{"href":"https:\/\/www1.esev.ipv.pt\/dacomunicacao\/index.php?rest_route=\/wp\/v2\/posts\/18225"}],"collection":[{"href":"https:\/\/www1.esev.ipv.pt\/dacomunicacao\/index.php?rest_route=\/wp\/v2\/posts"}],"about":[{"href":"https:\/\/www1.esev.ipv.pt\/dacomunicacao\/index.php?rest_route=\/wp\/v2\/types\/post"}],"author":[{"embeddable":true,"href":"https:\/\/www1.esev.ipv.pt\/dacomunicacao\/index.php?rest_route=\/wp\/v2\/users\/42"}],"replies":[{"embeddable":true,"href":"https:\/\/www1.esev.ipv.pt\/dacomunicacao\/index.php?rest_route=%2Fwp%2Fv2%2Fcomments&post=18225"}],"version-history":[{"count":1,"href":"https:\/\/www1.esev.ipv.pt\/dacomunicacao\/index.php?rest_route=\/wp\/v2\/posts\/18225\/revisions"}],"predecessor-version":[{"id":18241,"href":"https:\/\/www1.esev.ipv.pt\/dacomunicacao\/index.php?rest_route=\/wp\/v2\/posts\/18225\/revisions\/18241"}],"wp:featuredmedia":[{"embeddable":true,"href":"https:\/\/www1.esev.ipv.pt\/dacomunicacao\/index.php?rest_route=\/wp\/v2\/media\/18229"}],"wp:attachment":[{"href":"https:\/\/www1.esev.ipv.pt\/dacomunicacao\/index.php?rest_route=%2Fwp%2Fv2%2Fmedia&parent=18225"}],"wp:term":[{"taxonomy":"category","embeddable":true,"href":"https:\/\/www1.esev.ipv.pt\/dacomunicacao\/index.php?rest_route=%2Fwp%2Fv2%2Fcategories&post=18225"},{"taxonomy":"post_tag","embeddable":true,"href":"https:\/\/www1.esev.ipv.pt\/dacomunicacao\/index.php?rest_route=%2Fwp%2Fv2%2Ftags&post=18225"}],"curies":[{"name":"wp","href":"https:\/\/api.w.org\/{rel}","templated":true}]}}