{"id":17520,"date":"2023-05-09T08:13:45","date_gmt":"2023-05-09T08:13:45","guid":{"rendered":"https:\/\/www.esev.ipv.pt\/dacomunicacao\/?p=17520"},"modified":"2023-05-09T08:13:47","modified_gmt":"2023-05-09T08:13:47","slug":"junho-e-julho-trazem-novos-sons-ritmos-e-sabores-ao-parque-aquilino-ribeiro-em-viseu","status":"publish","type":"post","link":"https:\/\/www1.esev.ipv.pt\/dacomunicacao\/?p=17520","title":{"rendered":"Junho e julho trazem novos sons, ritmos e sabores ao Parque Aquilino Ribeiro, em Viseu"},"content":{"rendered":"\n<p><em><strong>\u201cVer\u00e3o no Parque\u201d arranca a 2 de junho, com propostas e experi\u00eancias para toda a fam\u00edlia. Instala\u00e7\u00e3o de mesas merendeiras neste espa\u00e7o verde complementam oferta de lazer e frui\u00e7\u00e3o<\/strong><\/em>.<\/p>\n\n\n\n<figure class=\"wp-block-image size-large\"><img loading=\"lazy\" width=\"1024\" height=\"576\" src=\"http:\/\/www.esev.ipv.pt\/dacomunicacao\/wp-content\/uploads\/2023\/05\/4-1024x576.png\" alt=\"\" class=\"wp-image-17522\" srcset=\"https:\/\/www1.esev.ipv.pt\/dacomunicacao\/wp-content\/uploads\/2023\/05\/4-1024x576.png 1024w, https:\/\/www1.esev.ipv.pt\/dacomunicacao\/wp-content\/uploads\/2023\/05\/4-300x169.png 300w, https:\/\/www1.esev.ipv.pt\/dacomunicacao\/wp-content\/uploads\/2023\/05\/4-768x432.png 768w, https:\/\/www1.esev.ipv.pt\/dacomunicacao\/wp-content\/uploads\/2023\/05\/4.png 1200w\" sizes=\"(max-width: 1024px) 100vw, 1024px\" \/><figcaption>Apresenta\u00e7\u00e3o do Ver\u00e3o no Parque<\/figcaption><\/figure>\n\n\n\n<p>A partir de hoje, o Parque Aquilino Ribeiro, um dos principais espa\u00e7os verdes da cidade de Viseu, oferece novos equipamentos para lazer e refei\u00e7\u00e3o a viseenses e visitantes, com a instala\u00e7\u00e3o de 25 mesas merendeiras, espalhadas pela \u201cavenida\u201d principal do parque. A medida da autarquia renova-se com a chegada dos dias quentes de ver\u00e3o e a cerca de um m\u00eas do arranque de uma nova edi\u00e7\u00e3o do \u201cVer\u00e3o no Parque\u201d.<\/p>\n\n\n\n<p>Nos meses de junho e julho, a agenda cultural e criativa de Viseu intensifica-se com o regresso deste evento multidisciplinar, que oferecer\u00e1 uma vasta programa\u00e7\u00e3o para toda a fam\u00edlia, com especial incid\u00eancia \u00e0s sextas-feiras, s\u00e1bados e domingos. M\u00fasica, teatro, dan\u00e7a, gastronomia, artesanato, sa\u00fade e bem-estar s\u00e3o as principais \u00e1reas e artes que d\u00e3o o mote ao conjunto de atividades e iniciativas. N\u00e3o faltar\u00e3o concertos, com especial destaque para artistas e bandas do concelho e regi\u00e3o, mas tamb\u00e9m pe\u00e7as de teatro para toda a fam\u00edlia, anima\u00e7\u00e3o de rua, mostra de tradi\u00e7\u00f5es, concursos musicais, entre outras experi\u00eancias e atividades, sempre numa l\u00f3gica intergeracional.<\/p>\n\n\n\n<p>De regresso estar\u00e1 tamb\u00e9m o Mercado de Boticas, que se instalar\u00e1 no parque com uma oferta variada de produtos agroalimentares, de artesanato, moda e decora\u00e7\u00e3o. Contar\u00e1 com cerca de 10 boticas tradicionais, cuja ocupa\u00e7\u00e3o ser\u00e1 rotativa (semanalmente), permitindo dar a conhecer diferentes projetos e neg\u00f3cios locais e regionais, estimulando assim o pequeno com\u00e9rcio.<\/p>\n\n\n\n<p>O Parque Aquilino Ribeiro assumir-se-\u00e1 tamb\u00e9m como um pequeno restaurante a c\u00e9u aberto, ao oferecer diversas propostas gastron\u00f3micas, nas tradicionais casinhas de madeira, que ocupar\u00e3o a \u201cavenida\u201d central deste espa\u00e7o. Estar\u00e1 tamb\u00e9m presente a&nbsp;<em>street food<\/em>, garantindo a todos os visitantes o conceito de \u201ccomida de pegar e levar\u201d. A rota\u00e7\u00e3o dos operadores ser\u00e1, igualmente, semanal, dando espa\u00e7o ao maior n\u00famero de interessados.<\/p>\n\n\n\n<p>Ser\u00e3o tamb\u00e9m outros eventos e projetos da agenda cultural de Viseu que ter\u00e3o no Parque Aquilino Ribeiro um palco privilegiado. \u00c9 o caso da Festa das Freguesias, integrada nas Festas Populares de Viseu, que regressa a este espa\u00e7o verde para promover aquilo que de melhor tem para oferecer cada uma das 25 Freguesias do concelho; e o Festival de Jazz de Viseu, o \u201cQue Jazz \u00e9 Este?\u201d, de 19 a 23 de julho, um dos muitos projetos apoiados pela autarquia no \u00e2mbito do programa municipal &#8220;Eixo Cultura Viseu&#8221;.<\/p>\n\n\n\n<p>A nova temporada de programa\u00e7\u00e3o em Viseu que se avizinha, especialmente no Parque da Cidade, trar\u00e1 tamb\u00e9m o regresso do Carrossel, para del\u00edcia dos mais pequenos. O equipamento estar\u00e1 em funcionamento todos os dias da semana (dias \u00fateis no per\u00edodo da tarde, entre as 14 e as 19 horas); s\u00e1bados, domingos e feriados no per\u00edodo da manh\u00e3 (10 e 12 horas) e da tarde (14 e 19 horas).<\/p>\n\n\n\n<p>Toda a programa\u00e7\u00e3o do \u201cVer\u00e3o no Parque\u201d estar\u00e1 dispon\u00edvel em breve, para consulta, em&nbsp;<a href=\"http:\/\/www.visitviseu.pt\/\" target=\"_blank\" rel=\"noreferrer noopener\">www.visitviseu.pt<\/a>.<\/p>\n","protected":false},"excerpt":{"rendered":"<p>\u201cVer\u00e3o no Parque\u201d arranca a 2 de junho, com propostas e experi\u00eancias para toda a fam\u00edlia. Instala\u00e7\u00e3o de mesas merendeiras<\/p>\n","protected":false},"author":4,"featured_media":17521,"comment_status":"open","ping_status":"open","sticky":false,"template":"","format":"standard","meta":[],"categories":[15,462],"tags":[1106,4588,76],"_links":{"self":[{"href":"https:\/\/www1.esev.ipv.pt\/dacomunicacao\/index.php?rest_route=\/wp\/v2\/posts\/17520"}],"collection":[{"href":"https:\/\/www1.esev.ipv.pt\/dacomunicacao\/index.php?rest_route=\/wp\/v2\/posts"}],"about":[{"href":"https:\/\/www1.esev.ipv.pt\/dacomunicacao\/index.php?rest_route=\/wp\/v2\/types\/post"}],"author":[{"embeddable":true,"href":"https:\/\/www1.esev.ipv.pt\/dacomunicacao\/index.php?rest_route=\/wp\/v2\/users\/4"}],"replies":[{"embeddable":true,"href":"https:\/\/www1.esev.ipv.pt\/dacomunicacao\/index.php?rest_route=%2Fwp%2Fv2%2Fcomments&post=17520"}],"version-history":[{"count":1,"href":"https:\/\/www1.esev.ipv.pt\/dacomunicacao\/index.php?rest_route=\/wp\/v2\/posts\/17520\/revisions"}],"predecessor-version":[{"id":17523,"href":"https:\/\/www1.esev.ipv.pt\/dacomunicacao\/index.php?rest_route=\/wp\/v2\/posts\/17520\/revisions\/17523"}],"wp:featuredmedia":[{"embeddable":true,"href":"https:\/\/www1.esev.ipv.pt\/dacomunicacao\/index.php?rest_route=\/wp\/v2\/media\/17521"}],"wp:attachment":[{"href":"https:\/\/www1.esev.ipv.pt\/dacomunicacao\/index.php?rest_route=%2Fwp%2Fv2%2Fmedia&parent=17520"}],"wp:term":[{"taxonomy":"category","embeddable":true,"href":"https:\/\/www1.esev.ipv.pt\/dacomunicacao\/index.php?rest_route=%2Fwp%2Fv2%2Fcategories&post=17520"},{"taxonomy":"post_tag","embeddable":true,"href":"https:\/\/www1.esev.ipv.pt\/dacomunicacao\/index.php?rest_route=%2Fwp%2Fv2%2Ftags&post=17520"}],"curies":[{"name":"wp","href":"https:\/\/api.w.org\/{rel}","templated":true}]}}