{"id":17487,"date":"2023-04-24T11:02:09","date_gmt":"2023-04-24T11:02:09","guid":{"rendered":"https:\/\/www.esev.ipv.pt\/dacomunicacao\/?p=17487"},"modified":"2023-04-24T11:02:13","modified_gmt":"2023-04-24T11:02:13","slug":"a-toupeira-que-queria-saber-quem-lhe-fizera-aquilo-na-cabeca-estreia-em-viseu","status":"publish","type":"post","link":"https:\/\/www1.esev.ipv.pt\/dacomunicacao\/?p=17487","title":{"rendered":"&#8220;A Toupeira que queria saber quem lhe fizera aquilo na cabe\u00e7a&#8221; estreia em Viseu"},"content":{"rendered":"\n<p><strong><em>A pe\u00e7a de teatro &#8220;A Toupeira que queria saber quem lhe fizera aquilo na cabe\u00e7a&#8221; estreia no pr\u00f3ximo dia 29 de abril em Viseu.<\/em><\/strong><\/p>\n\n\n\n<figure class=\"wp-block-image size-large\"><img loading=\"lazy\" width=\"1024\" height=\"1024\" src=\"http:\/\/www.esev.ipv.pt\/dacomunicacao\/wp-content\/uploads\/2023\/04\/FB_IMG_1682319433134-1024x1024.jpg\" alt=\"\" class=\"wp-image-17489\" srcset=\"https:\/\/www1.esev.ipv.pt\/dacomunicacao\/wp-content\/uploads\/2023\/04\/FB_IMG_1682319433134-1024x1024.jpg 1024w, https:\/\/www1.esev.ipv.pt\/dacomunicacao\/wp-content\/uploads\/2023\/04\/FB_IMG_1682319433134-300x300.jpg 300w, https:\/\/www1.esev.ipv.pt\/dacomunicacao\/wp-content\/uploads\/2023\/04\/FB_IMG_1682319433134-150x150.jpg 150w, https:\/\/www1.esev.ipv.pt\/dacomunicacao\/wp-content\/uploads\/2023\/04\/FB_IMG_1682319433134-768x768.jpg 768w, https:\/\/www1.esev.ipv.pt\/dacomunicacao\/wp-content\/uploads\/2023\/04\/FB_IMG_1682319433134.jpg 1080w\" sizes=\"(max-width: 1024px) 100vw, 1024px\" \/><figcaption>Pe\u00e7a de teatro estreia a 29 de abril<\/figcaption><\/figure>\n\n\n\n<p>A &#8220;A Toupeira que queria saber quem lhe fizera aquilo na cabe\u00e7a&#8221; \u00e9 um espet\u00e1culo de teatro para fam\u00edlias, que aborda de forma particularmente c\u00f3mica um habitual tabu social. \u00c9 atrav\u00e9s dos excrementos de diferentes personagens animais, aqui abordados com toques de alegria e mist\u00e9rio, que se alavanca o conhecimento do mundo, explorando o tema da natureza, o reino animal e os seus comportamentos. <\/p>\n\n\n\n<p>O tema central da narrativa, sempre aludido, mas nunca concretizado, acompanha a personagem principal, uma toupeira, que nos convida tamb\u00e9m a n\u00f3s para uma viagem pela natureza do nosso corpo. <\/p>\n\n\n\n<p>A pe\u00e7a \u00e9 para maiores de 3 anos e estar\u00e1 em cena no CAFAF, no Instituto Polit\u00e9cnico de Viseu, no dia 29 de abril, com sess\u00f5es \u00e0s 15h00 e \u00e0s 17h00, com entrada gratuita, sujeita a inscri\u00e7\u00e3o atrav\u00e9s do <a href=\"https:\/\/docs.google.com\/forms\/d\/e\/1FAIpQLSePFZPPCDr7B9KJZitEbkoNmFqNrzvI7YF_csjz5bRLGnIb0g\/viewform?vc=0&amp;c=0&amp;w=1&amp;flr=0\">link<\/a>.  <\/p>\n\n\n\n<p>A coordena\u00e7\u00e3o \u00e9 de Jos\u00e9 Abrantes, com encena\u00e7\u00e3o de Alexandre Sampaio e interpreta\u00e7\u00e3o de Beatriz Fonseca e Jos\u00e9 Abrantes. A dramaturgia \u00e9 de Maria Jo\u00e3o Mac\u00e1rio. As m\u00e1scaras estiveram a cargo de Carina Alexandre e a cenografia de Jos\u00e9 Abrantes, quanto o aderecismo \u00e9 da responsabilidade de Alexandre Sampaio e Mara Maravilha e os figurinos de Alexandre Sampaio. A sonoplastia tem a assinatura de Lu\u00eds Carvalheiro e a opera\u00e7\u00e3o de som e luz ser\u00e1 realizada por Laura Costa e Maria Fonseca. As costuras s\u00e3o de Concei\u00e7\u00e3o Sampaio e o apoio \u00e0 produ\u00e7\u00e3o e frente de sala ser\u00e1 garantida por Ana Carvalho. As oficinas foram asseguradas por Alexandre Sampaio.<\/p>\n\n\n\n<p>A pe\u00e7a tem o apoio \u00e0 cria\u00e7\u00e3o de projetos de interven\u00e7\u00e3o art\u00edstica por parte do Instituto Polit\u00e9cnico de Viseu.<\/p>\n","protected":false},"excerpt":{"rendered":"<p>A pe\u00e7a de teatro &#8220;A Toupeira que queria saber quem lhe fizera aquilo na cabe\u00e7a&#8221; estreia no pr\u00f3ximo dia 29<\/p>\n","protected":false},"author":4,"featured_media":17490,"comment_status":"open","ping_status":"open","sticky":false,"template":"","format":"standard","meta":[],"categories":[15,1],"tags":[1888,259,4251],"_links":{"self":[{"href":"https:\/\/www1.esev.ipv.pt\/dacomunicacao\/index.php?rest_route=\/wp\/v2\/posts\/17487"}],"collection":[{"href":"https:\/\/www1.esev.ipv.pt\/dacomunicacao\/index.php?rest_route=\/wp\/v2\/posts"}],"about":[{"href":"https:\/\/www1.esev.ipv.pt\/dacomunicacao\/index.php?rest_route=\/wp\/v2\/types\/post"}],"author":[{"embeddable":true,"href":"https:\/\/www1.esev.ipv.pt\/dacomunicacao\/index.php?rest_route=\/wp\/v2\/users\/4"}],"replies":[{"embeddable":true,"href":"https:\/\/www1.esev.ipv.pt\/dacomunicacao\/index.php?rest_route=%2Fwp%2Fv2%2Fcomments&post=17487"}],"version-history":[{"count":2,"href":"https:\/\/www1.esev.ipv.pt\/dacomunicacao\/index.php?rest_route=\/wp\/v2\/posts\/17487\/revisions"}],"predecessor-version":[{"id":17491,"href":"https:\/\/www1.esev.ipv.pt\/dacomunicacao\/index.php?rest_route=\/wp\/v2\/posts\/17487\/revisions\/17491"}],"wp:featuredmedia":[{"embeddable":true,"href":"https:\/\/www1.esev.ipv.pt\/dacomunicacao\/index.php?rest_route=\/wp\/v2\/media\/17490"}],"wp:attachment":[{"href":"https:\/\/www1.esev.ipv.pt\/dacomunicacao\/index.php?rest_route=%2Fwp%2Fv2%2Fmedia&parent=17487"}],"wp:term":[{"taxonomy":"category","embeddable":true,"href":"https:\/\/www1.esev.ipv.pt\/dacomunicacao\/index.php?rest_route=%2Fwp%2Fv2%2Fcategories&post=17487"},{"taxonomy":"post_tag","embeddable":true,"href":"https:\/\/www1.esev.ipv.pt\/dacomunicacao\/index.php?rest_route=%2Fwp%2Fv2%2Ftags&post=17487"}],"curies":[{"name":"wp","href":"https:\/\/api.w.org\/{rel}","templated":true}]}}