{"id":17452,"date":"2023-04-12T10:29:57","date_gmt":"2023-04-12T10:29:57","guid":{"rendered":"https:\/\/www.esev.ipv.pt\/dacomunicacao\/?p=17452"},"modified":"2023-04-12T10:30:00","modified_gmt":"2023-04-12T10:30:00","slug":"festival-vistacurta-abre-chamada-para-filmes","status":"publish","type":"post","link":"https:\/\/www1.esev.ipv.pt\/dacomunicacao\/?p=17452","title":{"rendered":"Festival vistacurta abre chamada para filmes"},"content":{"rendered":"\n<p><strong><em>Est\u00e1 aberta a chamada para filmes do\u00a0<a rel=\"noreferrer noopener\" href=\"https:\/\/cineclubeviseu.us20.list-manage.com\/track\/click?u=0bbbd1a50bce66fad7dd5608b&amp;id=874967ecc0&amp;e=17c69a9cf1\" target=\"_blank\">vistacurta &#8211; Festival de Curtas de Viseu<\/a>, este ano com uma novidade, uma sec\u00e7\u00e3o dedicada a filmes inacabados.<\/em><\/strong><\/p>\n\n\n\n<p>Organizado pelo\u00a0<strong>Cine Clube de Viseu<\/strong>, com o apoio do\u00a0<strong>Munic\u00edpio de Viseu<\/strong>, o Festival de curtas-metragens abriu a convocat\u00f3ria de filmes produzidos em 2022 e 2023, para as sec\u00e7\u00f5es competitivas\u00a0<strong>local\u00a0<\/strong>e\u00a0<strong>nacional<\/strong>.\u00a0As duas sec\u00e7\u00f5es ter\u00e3o um<strong> pr\u00e9mio monet\u00e1rio total de 3.000 eur<\/strong>os.<br><br><strong>A competi\u00e7\u00e3o local <\/strong>\u00e9 dedicada  a filmes realizados no distrito de Viseu\u00a0<em>ou<\/em>\u00a0por autores do distrito de Viseu, com dura\u00e7\u00e3o at\u00e9 30 minutos. J\u00e1 a <strong>competi\u00e7\u00e3o nacional<\/strong>, pretende integrar<strong> <\/strong>todos os filmes de produ\u00e7\u00e3o portuguesa com dura\u00e7\u00e3o at\u00e9 20 minutos. <\/p>\n\n\n\n<p>Este ano a novidade \u00e9 a sec\u00e7\u00e3o vista final, dedicada<strong><em> <\/em><\/strong>a filmes locais inacabados, em fase final de produ\u00e7\u00e3o. Os candidatos desta categoria concorrem \u00e0 oportunidade de tr\u00eas dias de trabalho com supervis\u00e3o de um realizador portugu\u00eas, a agendar durante o\u00a0<strong>vistacurta 2023<\/strong>.<br><br><strong><u>A inscri\u00e7\u00e3o em todas as sec\u00e7\u00f5es \u00e9 GR\u00c1TIS<\/u><\/strong> e pode ser feita at\u00e9 dia 30 de junho <a href=\"https:\/\/cineclubeviseu.us20.list-manage.com\/track\/click?u=0bbbd1a50bce66fad7dd5608b&amp;id=d1156b8d15&amp;e=17c69a9cf1\">aqui<\/a> ou <a href=\"https:\/\/cineclubeviseu.us20.list-manage.com\/track\/click?u=0bbbd1a50bce66fad7dd5608b&amp;id=ba19986299&amp;e=17c69a9cf1\">aqui<\/a>.<\/p>\n\n\n\n<hr class=\"wp-block-separator\"\/>\n\n\n\n<p><em>O&nbsp;<strong>vistacurta<\/strong>&nbsp;\u00e9 uma proposta cr\u00edtica de encontros \u00e0 volta do cinema e da regi\u00e3o, organizada pelo&nbsp;<strong>Cine Clube de Viseu<\/strong>&nbsp;como prolongamento amplo e festivo da sua programa\u00e7\u00e3o regular, desenvolvida, junto do p\u00fablico em geral e em contextos educativos, desde 1955. A edi\u00e7\u00e3o 2023 decorrer\u00e1 de&nbsp;<strong>10 a 14 de Outubro&nbsp;<\/strong>e al\u00e9m da competi\u00e7\u00e3o de curtas oferecer\u00e1 encontros com realizadores, aulas de cinema, workshops e concertos.<\/em><\/p>\n","protected":false},"excerpt":{"rendered":"<p>Est\u00e1 aberta a chamada para filmes do\u00a0vistacurta &#8211; Festival de Curtas de Viseu, este ano com uma novidade, uma sec\u00e7\u00e3o<\/p>\n","protected":false},"author":4,"featured_media":17453,"comment_status":"open","ping_status":"open","sticky":false,"template":"","format":"standard","meta":[],"categories":[15],"tags":[362,117,96,1443],"_links":{"self":[{"href":"https:\/\/www1.esev.ipv.pt\/dacomunicacao\/index.php?rest_route=\/wp\/v2\/posts\/17452"}],"collection":[{"href":"https:\/\/www1.esev.ipv.pt\/dacomunicacao\/index.php?rest_route=\/wp\/v2\/posts"}],"about":[{"href":"https:\/\/www1.esev.ipv.pt\/dacomunicacao\/index.php?rest_route=\/wp\/v2\/types\/post"}],"author":[{"embeddable":true,"href":"https:\/\/www1.esev.ipv.pt\/dacomunicacao\/index.php?rest_route=\/wp\/v2\/users\/4"}],"replies":[{"embeddable":true,"href":"https:\/\/www1.esev.ipv.pt\/dacomunicacao\/index.php?rest_route=%2Fwp%2Fv2%2Fcomments&post=17452"}],"version-history":[{"count":1,"href":"https:\/\/www1.esev.ipv.pt\/dacomunicacao\/index.php?rest_route=\/wp\/v2\/posts\/17452\/revisions"}],"predecessor-version":[{"id":17454,"href":"https:\/\/www1.esev.ipv.pt\/dacomunicacao\/index.php?rest_route=\/wp\/v2\/posts\/17452\/revisions\/17454"}],"wp:featuredmedia":[{"embeddable":true,"href":"https:\/\/www1.esev.ipv.pt\/dacomunicacao\/index.php?rest_route=\/wp\/v2\/media\/17453"}],"wp:attachment":[{"href":"https:\/\/www1.esev.ipv.pt\/dacomunicacao\/index.php?rest_route=%2Fwp%2Fv2%2Fmedia&parent=17452"}],"wp:term":[{"taxonomy":"category","embeddable":true,"href":"https:\/\/www1.esev.ipv.pt\/dacomunicacao\/index.php?rest_route=%2Fwp%2Fv2%2Fcategories&post=17452"},{"taxonomy":"post_tag","embeddable":true,"href":"https:\/\/www1.esev.ipv.pt\/dacomunicacao\/index.php?rest_route=%2Fwp%2Fv2%2Ftags&post=17452"}],"curies":[{"name":"wp","href":"https:\/\/api.w.org\/{rel}","templated":true}]}}