{"id":16929,"date":"2022-12-21T16:42:15","date_gmt":"2022-12-21T16:42:15","guid":{"rendered":"https:\/\/www.esev.ipv.pt\/dacomunicacao\/?p=16929"},"modified":"2022-12-21T16:42:18","modified_gmt":"2022-12-21T16:42:18","slug":"indo-eu-indo-eu-a-caminho-de-leiria-vitoria-sobre-o-boavista-carimba-final-four-para-o-academico","status":"publish","type":"post","link":"https:\/\/www1.esev.ipv.pt\/dacomunicacao\/?p=16929","title":{"rendered":"Indo eu, indo eu a caminho de Leiria. Vit\u00f3ria sobre o Boavista carimba Final Four para o Acad\u00e9mico"},"content":{"rendered":"\n<p><strong>Foi uma festa no Fontelo. Mais de 2000 espetadores assistiram \u00e0 vit\u00f3ria do Acad\u00e9mico frente ao Boavista por 2-1. Num jogo intenso, nem sempre bem disputado por ambas as partes, a turma viseense levou a melhor, num jogo em que anulou na maior parte do tempo o favoritismo te\u00f3rico da equipa do Bessa.<\/strong><\/p>\n\n\n\n<p><strong><em>Por Bianca Le\u00e3o<\/em><\/strong><\/p>\n\n\n\n<p><em>Pantera meteu as garras de fora, mas escudo viriato n\u00e3o cedeu<\/em><\/p>\n\n\n\n<p>O encontro come\u00e7ou com o Boavista mais subido no terreno e mais pressionante. Aos 10\u2019 a turma de Jorge Costa conseguia mais incurs\u00f5es ofensivas, sempre pela ala direita. N\u00e3o havia muitos lances perigosos perto das balizas, e a partir dos 30 minutos o Boavista come\u00e7ou a meter as garras de fora.<\/p>\n\n\n\n<p>O Acad\u00e9mico sentiu esse \u00edmpeto pressionante boavisteiro e cometeu alguns erros defensivos que poderiam ter sido mais bem aproveitados por Agra, Onyemaechi e Bozen\u00edk. Perto do intervalo os viriatos conseguiram reagir e tamb\u00e9m Ram\u00edrez e Millioransa tiveram lances para desmantelar o teimoso no placar. O intervalo chegou com o zero a zero, apesar de se justificar um golo para uma ou para outra equipa.<\/p>\n\n\n\n<p><em>Estava escrito\u2026<\/em><\/p>\n\n\n\n<p>Na segunda metade do encontro os axadrezados voltaram a entrar melhor, mas os vestidos de negro rapidamente meteram ordem na sua casa. Dentro dessa ordem surgiu o primeiro golo da partida. Livre batido na esquerda por Ott aos 56\u2019 para dentro da \u00e1rea, Toro desviou e Nduwarugira encostou para dentro da baliza de Jo\u00e3o Gon\u00e7alves. Lance que ainda foi revisto pelo VAR.<\/p>\n\n\n\n<p>As panteras tentaram reagir, e foi de um livre a favor do Boavista que surgiu o segundo golo academista, aos 62\u2019 . Contra-ataque mort\u00edfero liderado por Bandeira, que combinou com Ott e de calcanhar encontrou Toro que desmarcou Bandeira e fuzilou as redes axadrezadas com um remate poderos\u00edssimo. Um lance de levantar o est\u00e1dio.<\/p>\n\n\n\n<p>Nesse instante o Boavista foi em busca de reduzir o marcador, mas a turma do Porto desanimou bastante com o segundo golo academista. Equipa lenta e previs\u00edvel, que durante a maior parte do segundo tempo n\u00e3o afligiu Domen Grill. Apesar dessa monotonia atacante boavisteira, nos \u00faltimos dez minutos de jogo os axadrezados mandaram duas bolas aos postes do Acad\u00e9mico, respetivamente por Bozen\u00edk e Yusupha.<\/p>\n\n\n\n<p>Faltava um minuto para o final do tempo de compensa\u00e7\u00e3o (90+5) e surgiu o golo do Boavista. Canto marcado na direita, bola aliviada pela defensiva do Acad\u00e9mico para a entrada da \u00e1rea e Onyemaechi de primeira marcou o golo. Segundos depois, a partida terminaria e o Acad\u00e9mico fez hist\u00f3ria atingindo pela primeira vez a <em>Final Four<\/em> da Allianz Cup. Na semi-final a ser disputada em Leiria, a forma\u00e7\u00e3o viseense vai defrontar o FC Porto ou o Gil Vicente FC.<\/p>\n\n\n\n<p><strong>Destaques Positivos<\/strong><\/p>\n\n\n\n<p><em>Toro (Acad\u00e9mico)<\/em> \u2013 J\u00e1 n\u00e3o h\u00e1 palavras para descrever as exibi\u00e7\u00f5es do avan\u00e7ado hondurenho. Jogo ap\u00f3s jogo \u00e9 fundamental para o \u00f3timo fluxo do jogo academista dos \u00faltimos encontros.<\/p>\n\n\n\n<p><em>Arthur Chaves e Andr\u00e9 Almeida &nbsp;(Acad\u00e9mico)<\/em> \u2013 A dupla defensiva conseguiu na maior parte das vezes travar as ofensivas axadrezadas. &nbsp;&nbsp;&nbsp;<\/p>\n\n\n\n<p><em>Bandeira (Acad\u00e9mico) \u2013 <\/em>Mais um bom jogo do lateral nesta Allianz Cup, recompensado com mais um golo.<\/p>\n\n\n\n<p><em>Ott (Acad\u00e9mico) &nbsp;&#8211; <\/em>Ott foi sin\u00f3nimo de perigo. Principalmente na segunda-parte do encontro, sempre que a bola tocava nos p\u00e9s do franc\u00eas o p\u00fablico entrava em euforia.<\/p>\n\n\n\n<p><em>Jo\u00e3o Pinheiro (\u00c1rbitro) \u2013 <\/em>\u00c1rbitro do deixa jogar. Bastante libertino n\u00e3o cedeu em grande parte das quedas simuladas pelos atletas. Nota positiva para o juiz bracarense.<\/p>\n","protected":false},"excerpt":{"rendered":"<p>Foi uma festa no Fontelo. Mais de 2000 espetadores assistiram \u00e0 vit\u00f3ria do Acad\u00e9mico frente ao Boavista por 2-1. Num<\/p>\n","protected":false},"author":35,"featured_media":16930,"comment_status":"open","ping_status":"open","sticky":false,"template":"","format":"standard","meta":[],"categories":[13],"tags":[500,4402],"_links":{"self":[{"href":"https:\/\/www1.esev.ipv.pt\/dacomunicacao\/index.php?rest_route=\/wp\/v2\/posts\/16929"}],"collection":[{"href":"https:\/\/www1.esev.ipv.pt\/dacomunicacao\/index.php?rest_route=\/wp\/v2\/posts"}],"about":[{"href":"https:\/\/www1.esev.ipv.pt\/dacomunicacao\/index.php?rest_route=\/wp\/v2\/types\/post"}],"author":[{"embeddable":true,"href":"https:\/\/www1.esev.ipv.pt\/dacomunicacao\/index.php?rest_route=\/wp\/v2\/users\/35"}],"replies":[{"embeddable":true,"href":"https:\/\/www1.esev.ipv.pt\/dacomunicacao\/index.php?rest_route=%2Fwp%2Fv2%2Fcomments&post=16929"}],"version-history":[{"count":1,"href":"https:\/\/www1.esev.ipv.pt\/dacomunicacao\/index.php?rest_route=\/wp\/v2\/posts\/16929\/revisions"}],"predecessor-version":[{"id":16931,"href":"https:\/\/www1.esev.ipv.pt\/dacomunicacao\/index.php?rest_route=\/wp\/v2\/posts\/16929\/revisions\/16931"}],"wp:featuredmedia":[{"embeddable":true,"href":"https:\/\/www1.esev.ipv.pt\/dacomunicacao\/index.php?rest_route=\/wp\/v2\/media\/16930"}],"wp:attachment":[{"href":"https:\/\/www1.esev.ipv.pt\/dacomunicacao\/index.php?rest_route=%2Fwp%2Fv2%2Fmedia&parent=16929"}],"wp:term":[{"taxonomy":"category","embeddable":true,"href":"https:\/\/www1.esev.ipv.pt\/dacomunicacao\/index.php?rest_route=%2Fwp%2Fv2%2Fcategories&post=16929"},{"taxonomy":"post_tag","embeddable":true,"href":"https:\/\/www1.esev.ipv.pt\/dacomunicacao\/index.php?rest_route=%2Fwp%2Fv2%2Ftags&post=16929"}],"curies":[{"name":"wp","href":"https:\/\/api.w.org\/{rel}","templated":true}]}}