{"id":16854,"date":"2022-12-13T15:08:22","date_gmt":"2022-12-13T15:08:22","guid":{"rendered":"https:\/\/www.esev.ipv.pt\/dacomunicacao\/?p=16854"},"modified":"2022-12-13T15:18:48","modified_gmt":"2022-12-13T15:18:48","slug":"museu-de-historia-da-cidade-recebera-exposicao-milho-mostra-de-ilustracao-de-lendas-e-historias-de-outrora","status":"publish","type":"post","link":"https:\/\/www1.esev.ipv.pt\/dacomunicacao\/?p=16854","title":{"rendered":"Museu de Hist\u00f3ria da Cidade receber\u00e1 exposi\u00e7\u00e3o \u201cMILHO &#8211; mostra de ilustra\u00e7\u00e3o de lendas e hist\u00f3rias de outrora\u201d"},"content":{"rendered":"\n<p><strong><em>O Munic\u00edpio de Viseu inaugura esta quarta-feira, dia 14 de dezembro, pelas 17 horas, a exposi\u00e7\u00e3o \u201cMILHO &#8211; mostra de ilustra\u00e7\u00e3o de lendas e hist\u00f3rias de outrora\u201d, no Museu de Hist\u00f3ria da Cidade. A exposi\u00e7\u00e3o tempor\u00e1ria destaca projetos de ilustra\u00e7\u00e3o dos alunos de Artes Pl\u00e1sticas e Multim\u00e9dia, da Escola Superior de Educa\u00e7\u00e3o de Viseu.<\/em><\/strong><\/p>\n\n\n\n<p><strong>Por Diana Duarte<\/strong><\/p>\n\n\n\n<p>A Exposi\u00e7\u00e3o \u201cMILHO \u2013 mostra de ilustra\u00e7\u00e3o de lendas e hist\u00f3rias de outrora\u201d vai iniciar-se amanh\u00e3, dia 14 de dezembro, pelas 17 horas, no Museu de Hist\u00f3ria da Cidade, em Viseu. Pode ser visitada at\u00e9 11 de fevereiro de 2023, no N\u00facleo de Exposi\u00e7\u00f5es, Piso 0.<\/p>\n\n\n\n<p>Em 2021, o Munic\u00edpio de Viseu, atrav\u00e9s do Museu de Hist\u00f3ria da Cidade (MHC), juntou alunos da licenciatura de Artes Pl\u00e1sticas e Multim\u00e9dia, da Escola Superior de Educa\u00e7\u00e3o de Viseu, para os guiar pela cidade e contar lendas e hist\u00f3rias locais. Esta mostra apresenta ilustra\u00e7\u00f5es produzidas na Unidade Curricular de Desenho III por estes estudantes.<\/p>\n\n\n\n<p>Esta mostra e a rela\u00e7\u00e3o com o Museu de Hist\u00f3ria da Cidade d\u00e1, assim, a oportunidade aos estudantes de implementar os seus projetos num contexto para al\u00e9m da escola. Aproxima, tamb\u00e9m, as duas institui\u00e7\u00f5es (ESEV e MHC) e envolve os estudantes tanto na produ\u00e7\u00e3o cultural da cidade de Viseu, como no conhecimento do seu patrim\u00f3nio hist\u00f3rico local.<\/p>\n\n\n\n<p>Ser\u00e3o abordados, nesta mostra, o mist\u00e9rio da Cava de Viriato e as lendas de Jo\u00e3o Torto, de Gaia e do Castanheiro do Amores.<\/p>\n","protected":false},"excerpt":{"rendered":"<p>O Munic\u00edpio de Viseu inaugura esta quarta-feira, dia 14 de dezembro, pelas 17 horas, a exposi\u00e7\u00e3o \u201cMILHO &#8211; mostra de<\/p>\n","protected":false},"author":36,"featured_media":16855,"comment_status":"open","ping_status":"open","sticky":false,"template":"","format":"standard","meta":[],"categories":[15,10,462],"tags":[1687,771,1868],"_links":{"self":[{"href":"https:\/\/www1.esev.ipv.pt\/dacomunicacao\/index.php?rest_route=\/wp\/v2\/posts\/16854"}],"collection":[{"href":"https:\/\/www1.esev.ipv.pt\/dacomunicacao\/index.php?rest_route=\/wp\/v2\/posts"}],"about":[{"href":"https:\/\/www1.esev.ipv.pt\/dacomunicacao\/index.php?rest_route=\/wp\/v2\/types\/post"}],"author":[{"embeddable":true,"href":"https:\/\/www1.esev.ipv.pt\/dacomunicacao\/index.php?rest_route=\/wp\/v2\/users\/36"}],"replies":[{"embeddable":true,"href":"https:\/\/www1.esev.ipv.pt\/dacomunicacao\/index.php?rest_route=%2Fwp%2Fv2%2Fcomments&post=16854"}],"version-history":[{"count":4,"href":"https:\/\/www1.esev.ipv.pt\/dacomunicacao\/index.php?rest_route=\/wp\/v2\/posts\/16854\/revisions"}],"predecessor-version":[{"id":16859,"href":"https:\/\/www1.esev.ipv.pt\/dacomunicacao\/index.php?rest_route=\/wp\/v2\/posts\/16854\/revisions\/16859"}],"wp:featuredmedia":[{"embeddable":true,"href":"https:\/\/www1.esev.ipv.pt\/dacomunicacao\/index.php?rest_route=\/wp\/v2\/media\/16855"}],"wp:attachment":[{"href":"https:\/\/www1.esev.ipv.pt\/dacomunicacao\/index.php?rest_route=%2Fwp%2Fv2%2Fmedia&parent=16854"}],"wp:term":[{"taxonomy":"category","embeddable":true,"href":"https:\/\/www1.esev.ipv.pt\/dacomunicacao\/index.php?rest_route=%2Fwp%2Fv2%2Fcategories&post=16854"},{"taxonomy":"post_tag","embeddable":true,"href":"https:\/\/www1.esev.ipv.pt\/dacomunicacao\/index.php?rest_route=%2Fwp%2Fv2%2Ftags&post=16854"}],"curies":[{"name":"wp","href":"https:\/\/api.w.org\/{rel}","templated":true}]}}