{"id":16457,"date":"2022-11-09T15:28:38","date_gmt":"2022-11-09T15:28:38","guid":{"rendered":"https:\/\/www.esev.ipv.pt\/dacomunicacao\/?p=16457"},"modified":"2022-11-09T15:28:40","modified_gmt":"2022-11-09T15:28:40","slug":"workshop-work-from-centro-de-portugal-chega-a-tondela","status":"publish","type":"post","link":"https:\/\/www1.esev.ipv.pt\/dacomunicacao\/?p=16457","title":{"rendered":"Workshop &#8220;Work From Centro de Portugal&#8221; chega a Tondela"},"content":{"rendered":"\n<p><strong><em>A Turismo do Centro de Portugal est\u00e1 a desenvolver o projeto &#8220;Work From Centro de Portugal&#8221;, que ser\u00e1 apresentado no dia 21 de novembro, pelas 15 horas, no Audit\u00f3rio Municipal de Tondela. \u00a0<\/em><\/strong><\/p>\n\n\n\n<p><strong>Por Beatriz Guerra<\/strong><\/p>\n\n\n\n<p>Esta iniciativa promove as vantagens desta regi\u00e3o para os n\u00f3madas digitais e para todos os trabalhadores interessados em trabalhar \u00e0 dist\u00e2ncia a partir deste territ\u00f3rio. Entre outros conte\u00fados, a plataforma &#8220;Work From Centro de Portugal&#8221; disponibiliza um diret\u00f3rio dos espa\u00e7os dispon\u00edveis, direcionados para trabalhadores remotos e empreendedores.<\/p>\n\n\n\n<p>Este projeto est\u00e1 a promover workshops em cada sub-regi\u00e3o do Centro de Portugal, que pretendem dar uma resposta de estrutura\u00e7\u00e3o de produto e comunica\u00e7\u00e3o neste segmento emergente no Centro de Portugal.<\/p>\n\n\n\n<p>Mais informa\u00e7\u00f5es sobre a programa\u00e7\u00e3o e as inscri\u00e7\u00f5es em <a href=\"https:\/\/turismodocentro.us15.listmanage.com\/track\/click?u=997181d87fdda161cf8f5b6f4&amp;id=ec7f5c6b03&amp;e=68f6132541\">https:\/\/turismodocentro.us15.listmanage.com\/track\/click?u=997181d87fdda161cf8f5b6f4&amp;id=ec7f5c6b03&amp;e=68f6132541<\/a><\/p>\n","protected":false},"excerpt":{"rendered":"<p>A Turismo do Centro de Portugal est\u00e1 a desenvolver o projeto &#8220;Work From Centro de Portugal&#8221;, que ser\u00e1 apresentado no<\/p>\n","protected":false},"author":33,"featured_media":16458,"comment_status":"open","ping_status":"open","sticky":false,"template":"","format":"standard","meta":[],"categories":[462],"tags":[134,2160,740],"_links":{"self":[{"href":"https:\/\/www1.esev.ipv.pt\/dacomunicacao\/index.php?rest_route=\/wp\/v2\/posts\/16457"}],"collection":[{"href":"https:\/\/www1.esev.ipv.pt\/dacomunicacao\/index.php?rest_route=\/wp\/v2\/posts"}],"about":[{"href":"https:\/\/www1.esev.ipv.pt\/dacomunicacao\/index.php?rest_route=\/wp\/v2\/types\/post"}],"author":[{"embeddable":true,"href":"https:\/\/www1.esev.ipv.pt\/dacomunicacao\/index.php?rest_route=\/wp\/v2\/users\/33"}],"replies":[{"embeddable":true,"href":"https:\/\/www1.esev.ipv.pt\/dacomunicacao\/index.php?rest_route=%2Fwp%2Fv2%2Fcomments&post=16457"}],"version-history":[{"count":2,"href":"https:\/\/www1.esev.ipv.pt\/dacomunicacao\/index.php?rest_route=\/wp\/v2\/posts\/16457\/revisions"}],"predecessor-version":[{"id":16460,"href":"https:\/\/www1.esev.ipv.pt\/dacomunicacao\/index.php?rest_route=\/wp\/v2\/posts\/16457\/revisions\/16460"}],"wp:featuredmedia":[{"embeddable":true,"href":"https:\/\/www1.esev.ipv.pt\/dacomunicacao\/index.php?rest_route=\/wp\/v2\/media\/16458"}],"wp:attachment":[{"href":"https:\/\/www1.esev.ipv.pt\/dacomunicacao\/index.php?rest_route=%2Fwp%2Fv2%2Fmedia&parent=16457"}],"wp:term":[{"taxonomy":"category","embeddable":true,"href":"https:\/\/www1.esev.ipv.pt\/dacomunicacao\/index.php?rest_route=%2Fwp%2Fv2%2Fcategories&post=16457"},{"taxonomy":"post_tag","embeddable":true,"href":"https:\/\/www1.esev.ipv.pt\/dacomunicacao\/index.php?rest_route=%2Fwp%2Fv2%2Ftags&post=16457"}],"curies":[{"name":"wp","href":"https:\/\/api.w.org\/{rel}","templated":true}]}}