{"id":16453,"date":"2022-11-09T15:10:26","date_gmt":"2022-11-09T15:10:26","guid":{"rendered":"https:\/\/www.esev.ipv.pt\/dacomunicacao\/?p=16453"},"modified":"2022-11-09T15:10:28","modified_gmt":"2022-11-09T15:10:28","slug":"europe-direct-promove-dialogo-inter-regional-sobre-o-futuro-da-uniao-europeia","status":"publish","type":"post","link":"https:\/\/www1.esev.ipv.pt\/dacomunicacao\/?p=16453","title":{"rendered":"EUROPE DIRECT promove di\u00e1logo inter-regional sobre o futuro da Uni\u00e3o Europeia"},"content":{"rendered":"\n<p><strong><em>O EUROPE DIRECT Viseu D\u00e3o Laf\u00f5es vai organizar, entre os dias 9 e 10 de novembro, a 1.\u00aa edi\u00e7\u00e3o do \u201cBootcamp Grow EU\u201d que ter\u00e1 lugar na Universidade de Aveiro.<\/em><\/strong><\/p>\n\n\n\n<p><strong>Por Beatriz Guerra<\/strong><\/p>\n\n\n\n<p>Durante os dois dias de atividades, os estudantes ter\u00e3o a oportunidade de refletir sobre as prioridades e pol\u00edticas europeias e dialogar sobre o futuro do projeto europeu. Em destaque estar\u00e3o temas como \u201cPacto Ecol\u00f3gico Europeu\u201d, \u201cAlcan\u00e7ar uma Europa Preparada para a Era Digital\u201d, \u201cAno Europeu da Juventude\u201d e \u201cInvestiga\u00e7\u00e3o Universit\u00e1ria Europeia\u201d.<\/p>\n\n\n\n<p>Um&nbsp;<em>webinar<\/em>&nbsp;sobre projetos \u201cWe-Europeans\u201d, um&nbsp;<em>escape&nbsp;room<\/em>&nbsp;\u201cPopulismo e Cidadania Europeia\u201d e sess\u00f5es sobre \u201cOs Jovens e o Mercado de Trabalho Europeu\u201d, o \u201cPacto Ecol\u00f3gico Europeu\u201d e o &#8220;Projeto O&#8217;bias&#8221; s\u00e3o alguns dos momentos do programa, assim como uma desloca\u00e7\u00e3o \u00e0 associa\u00e7\u00e3o Inova Ria e uma visita \u00e0 cidade de Aveiro.&nbsp;<\/p>\n\n\n\n<p>De acordo com&nbsp;<strong>Fernando Ruas<\/strong>, Presidente da CIM Viseu D\u00e3o Laf\u00f5es, \u201cesta experi\u00eancia imersiva dedicada \u00e0 Europa, que conta o rigor acad\u00e9mico do IPV e da UA, \u00e9 mais uma iniciativa inter-regional do EUROPE DIRECT com impacto direto na consciencializa\u00e7\u00e3o dos jovens para os temas europeus, cada vez mais presentes no nosso dia a dia. Antecipando o seu sucesso, estou convicto que com esta primeira iniciativa lan\u00e7amos as bases para um debate cada vez mais alargado sobre a Uni\u00e3o Europeia e o seu futuro\u201d.<\/p>\n\n\n\n<p>Nuno Martinho, Secret\u00e1rio Executivo da entidade que acolhe o EUROPE DIRECT Viseu D\u00e3o Laf\u00f5es, sublinha a import\u00e2ncia de iniciativas como esta. \u201c\u00c9 cada vez mais decisivo dar a conhecer as pol\u00edticas e as iniciativas europeias aos habitantes do territ\u00f3rio da Regi\u00e3o de Aveiro e de Viseu D\u00e3o Laf\u00f5es, especialmente aos mais jovens. Iniciativas como este Bootcamp alargam os horizontes dos participantes e mostram-lhes que o projeto europeu n\u00e3o acontece apenas em Bruxelas ou Estrasburgo\u201d, destaca.<\/p>\n\n\n\n<p>O \u201cBootcamp Grow EU\u201d tem como parceiros institucionais a Universidade de Aveiro, o Instituto Polit\u00e9cnico de Viseu, a Comiss\u00e3o Europeia e a Comunidade Intermunicipal Viseu D\u00e3o Laf\u00f5es.<\/p>\n","protected":false},"excerpt":{"rendered":"<p>O EUROPE DIRECT Viseu D\u00e3o Laf\u00f5es vai organizar, entre os dias 9 e 10 de novembro, a 1.\u00aa edi\u00e7\u00e3o do<\/p>\n","protected":false},"author":33,"featured_media":16454,"comment_status":"open","ping_status":"open","sticky":false,"template":"","format":"standard","meta":[],"categories":[462,11],"tags":[188,665,173,76],"_links":{"self":[{"href":"https:\/\/www1.esev.ipv.pt\/dacomunicacao\/index.php?rest_route=\/wp\/v2\/posts\/16453"}],"collection":[{"href":"https:\/\/www1.esev.ipv.pt\/dacomunicacao\/index.php?rest_route=\/wp\/v2\/posts"}],"about":[{"href":"https:\/\/www1.esev.ipv.pt\/dacomunicacao\/index.php?rest_route=\/wp\/v2\/types\/post"}],"author":[{"embeddable":true,"href":"https:\/\/www1.esev.ipv.pt\/dacomunicacao\/index.php?rest_route=\/wp\/v2\/users\/33"}],"replies":[{"embeddable":true,"href":"https:\/\/www1.esev.ipv.pt\/dacomunicacao\/index.php?rest_route=%2Fwp%2Fv2%2Fcomments&post=16453"}],"version-history":[{"count":1,"href":"https:\/\/www1.esev.ipv.pt\/dacomunicacao\/index.php?rest_route=\/wp\/v2\/posts\/16453\/revisions"}],"predecessor-version":[{"id":16455,"href":"https:\/\/www1.esev.ipv.pt\/dacomunicacao\/index.php?rest_route=\/wp\/v2\/posts\/16453\/revisions\/16455"}],"wp:featuredmedia":[{"embeddable":true,"href":"https:\/\/www1.esev.ipv.pt\/dacomunicacao\/index.php?rest_route=\/wp\/v2\/media\/16454"}],"wp:attachment":[{"href":"https:\/\/www1.esev.ipv.pt\/dacomunicacao\/index.php?rest_route=%2Fwp%2Fv2%2Fmedia&parent=16453"}],"wp:term":[{"taxonomy":"category","embeddable":true,"href":"https:\/\/www1.esev.ipv.pt\/dacomunicacao\/index.php?rest_route=%2Fwp%2Fv2%2Fcategories&post=16453"},{"taxonomy":"post_tag","embeddable":true,"href":"https:\/\/www1.esev.ipv.pt\/dacomunicacao\/index.php?rest_route=%2Fwp%2Fv2%2Ftags&post=16453"}],"curies":[{"name":"wp","href":"https:\/\/api.w.org\/{rel}","templated":true}]}}