{"id":16425,"date":"2022-11-04T10:52:51","date_gmt":"2022-11-04T10:52:51","guid":{"rendered":"https:\/\/www.esev.ipv.pt\/dacomunicacao\/?p=16425"},"modified":"2022-11-04T10:52:54","modified_gmt":"2022-11-04T10:52:54","slug":"inauguracao-da-exposicao-historias-de-um-lugar-na-quinta-da-cruz","status":"publish","type":"post","link":"https:\/\/www1.esev.ipv.pt\/dacomunicacao\/?p=16425","title":{"rendered":"Inaugura\u00e7\u00e3o da exposi\u00e7\u00e3o \u201cHist\u00f3rias de um lugar\u201d na Quinta da Cruz"},"content":{"rendered":"\n<p><strong><em>O Munic\u00edpio de Viseu inaugura este s\u00e1bado, dia 5 de novembro, pelas 15 horas, a exposi\u00e7\u00e3o \u201cHist\u00f3rias de um lugar\u201d, de Mar\u00eda Jes\u00fas Agra, na Quinta da Cruz \u2013 Centro de Arte Contempor\u00e2nea.<\/em><\/strong><\/p>\n\n\n\n<p><strong>Por Beatriz Guerra<\/strong><\/p>\n\n\n\n<p>A inaugura\u00e7\u00e3o conta com a presen\u00e7a da Vereadora da Cultura da C\u00e2mara Municipal, Dr.\u00aa Leonor Barata, da artista Mar\u00eda Jes\u00fas Agra e da Presidente da Associa\u00e7\u00e3o de Professores de Express\u00e3o e Comunica\u00e7\u00e3o Visual (APECV), Dr.\u00aa Teresa E\u00e7a, entre outros convidados ligados \u00e0 conce\u00e7\u00e3o e tema da exposi\u00e7\u00e3o.<\/p>\n\n\n\n<p>\u201cHist\u00f3rias de um lugar\u201d foi exposta, pela primeira vez, em 2020, resultado de uma resid\u00eancia art\u00edstica realizada na Quinta da Cruz, pela artista visual Mar\u00eda Jes\u00fas Agra. Este ano, regressa ao Centro de Arte Contempor\u00e2nea, reabrindo o ba\u00fa de mem\u00f3rias, hist\u00f3rias e pessoas que fazem a identidade da Quinta e da sua envolvente.<\/p>\n","protected":false},"excerpt":{"rendered":"<p>O Munic\u00edpio de Viseu inaugura este s\u00e1bado, dia 5 de novembro, pelas 15 horas, a exposi\u00e7\u00e3o \u201cHist\u00f3rias de um lugar\u201d,<\/p>\n","protected":false},"author":33,"featured_media":16426,"comment_status":"open","ping_status":"open","sticky":false,"template":"","format":"standard","meta":[],"categories":[15],"tags":[166,4354,4355,76],"_links":{"self":[{"href":"https:\/\/www1.esev.ipv.pt\/dacomunicacao\/index.php?rest_route=\/wp\/v2\/posts\/16425"}],"collection":[{"href":"https:\/\/www1.esev.ipv.pt\/dacomunicacao\/index.php?rest_route=\/wp\/v2\/posts"}],"about":[{"href":"https:\/\/www1.esev.ipv.pt\/dacomunicacao\/index.php?rest_route=\/wp\/v2\/types\/post"}],"author":[{"embeddable":true,"href":"https:\/\/www1.esev.ipv.pt\/dacomunicacao\/index.php?rest_route=\/wp\/v2\/users\/33"}],"replies":[{"embeddable":true,"href":"https:\/\/www1.esev.ipv.pt\/dacomunicacao\/index.php?rest_route=%2Fwp%2Fv2%2Fcomments&post=16425"}],"version-history":[{"count":1,"href":"https:\/\/www1.esev.ipv.pt\/dacomunicacao\/index.php?rest_route=\/wp\/v2\/posts\/16425\/revisions"}],"predecessor-version":[{"id":16427,"href":"https:\/\/www1.esev.ipv.pt\/dacomunicacao\/index.php?rest_route=\/wp\/v2\/posts\/16425\/revisions\/16427"}],"wp:featuredmedia":[{"embeddable":true,"href":"https:\/\/www1.esev.ipv.pt\/dacomunicacao\/index.php?rest_route=\/wp\/v2\/media\/16426"}],"wp:attachment":[{"href":"https:\/\/www1.esev.ipv.pt\/dacomunicacao\/index.php?rest_route=%2Fwp%2Fv2%2Fmedia&parent=16425"}],"wp:term":[{"taxonomy":"category","embeddable":true,"href":"https:\/\/www1.esev.ipv.pt\/dacomunicacao\/index.php?rest_route=%2Fwp%2Fv2%2Fcategories&post=16425"},{"taxonomy":"post_tag","embeddable":true,"href":"https:\/\/www1.esev.ipv.pt\/dacomunicacao\/index.php?rest_route=%2Fwp%2Fv2%2Ftags&post=16425"}],"curies":[{"name":"wp","href":"https:\/\/api.w.org\/{rel}","templated":true}]}}