{"id":16357,"date":"2022-10-31T15:27:50","date_gmt":"2022-10-31T15:27:50","guid":{"rendered":"https:\/\/www.esev.ipv.pt\/dacomunicacao\/?p=16357"},"modified":"2022-10-31T15:27:52","modified_gmt":"2022-10-31T15:27:52","slug":"viseu-2001-palacio-do-gelo-conquista-mais-3-pontos","status":"publish","type":"post","link":"https:\/\/www1.esev.ipv.pt\/dacomunicacao\/?p=16357","title":{"rendered":"Viseu 2001\/Pal\u00e1cio do Gelo conquista mais 3 pontos"},"content":{"rendered":"\n<p><strong><strong><em>O Viseu 2001\/Pal\u00e1cio do Gelo venceu o Macedense por 6-3, este domingo (29), no Pavilh\u00e3o da Cidade de Viseu. Com esta vit\u00f3ria, os beir\u00f5es acumulam mais 3 pontos na liga I da s\u00e9rie A do campeonato de Futsal.<\/em><\/strong><\/strong><\/p>\n\n\n\n<p><strong>Por Jo\u00e3o Alves<\/strong><\/p>\n\n\n\n<p>Na primeira parte foi o Macedense quem inaugurou o marcador aos 8 minutos. Riquinho marcou o primeiro para o clube de Macedo de Cavaleiros. Mas, a equipa beir\u00e3 depois de uma pausa t\u00e9cnica empatou o jogo, com a ajuda de Arm\u00e2ndio Ferreira aos 15 minutos.<\/p>\n\n\n\n<figure class=\"wp-block-image size-large\"><img loading=\"lazy\" width=\"1024\" height=\"683\" src=\"https:\/\/www.esev.ipv.pt\/dacomunicacao\/wp-content\/uploads\/2022\/10\/Rafael-Lara-jogador-da-equipa-Viseu-2001-Palacio-do-Gelo-1024x683.jpg\" alt=\"\" class=\"wp-image-16358\" srcset=\"https:\/\/www1.esev.ipv.pt\/dacomunicacao\/wp-content\/uploads\/2022\/10\/Rafael-Lara-jogador-da-equipa-Viseu-2001-Palacio-do-Gelo-1024x683.jpg 1024w, https:\/\/www1.esev.ipv.pt\/dacomunicacao\/wp-content\/uploads\/2022\/10\/Rafael-Lara-jogador-da-equipa-Viseu-2001-Palacio-do-Gelo-300x200.jpg 300w, https:\/\/www1.esev.ipv.pt\/dacomunicacao\/wp-content\/uploads\/2022\/10\/Rafael-Lara-jogador-da-equipa-Viseu-2001-Palacio-do-Gelo-768x512.jpg 768w, https:\/\/www1.esev.ipv.pt\/dacomunicacao\/wp-content\/uploads\/2022\/10\/Rafael-Lara-jogador-da-equipa-Viseu-2001-Palacio-do-Gelo.jpg 1299w\" sizes=\"(max-width: 1024px) 100vw, 1024px\" \/><figcaption>Rafael Lara Jogador da equipa Viseu 2001\/ Pal\u00e1cio do Gelo<\/figcaption><\/figure>\n\n\n\n<p>N\u00e3o satisfeitos com este resultado, os viseenses chegaram ao 2-1 com o remate de Rafael Lara. Para elevar ainda mais a vantagem na equipa da casa, Neto Lira fez um \u2018bis\u2019 aos 22 e aos 25 minutos. O treinador da equipa transmontana pediu uma pausa t\u00e9cnica, ao terceiro golo dos advers\u00e1rios e em menos de 5 minutos.<\/p>\n\n\n\n<figure class=\"wp-block-image size-large\"><img loading=\"lazy\" width=\"1024\" height=\"683\" src=\"https:\/\/www.esev.ipv.pt\/dacomunicacao\/wp-content\/uploads\/2022\/10\/jogadores-do-Macedense-a-exercer-pressao-sobre-a-equipa-da-casa-1024x683.jpg\" alt=\"\" class=\"wp-image-16359\" srcset=\"https:\/\/www1.esev.ipv.pt\/dacomunicacao\/wp-content\/uploads\/2022\/10\/jogadores-do-Macedense-a-exercer-pressao-sobre-a-equipa-da-casa-1024x683.jpg 1024w, https:\/\/www1.esev.ipv.pt\/dacomunicacao\/wp-content\/uploads\/2022\/10\/jogadores-do-Macedense-a-exercer-pressao-sobre-a-equipa-da-casa-300x200.jpg 300w, https:\/\/www1.esev.ipv.pt\/dacomunicacao\/wp-content\/uploads\/2022\/10\/jogadores-do-Macedense-a-exercer-pressao-sobre-a-equipa-da-casa-768x512.jpg 768w, https:\/\/www1.esev.ipv.pt\/dacomunicacao\/wp-content\/uploads\/2022\/10\/jogadores-do-Macedense-a-exercer-pressao-sobre-a-equipa-da-casa.jpg 1299w\" sizes=\"(max-width: 1024px) 100vw, 1024px\" \/><figcaption>Jogadores do Macedense a exercer press\u00e3o sobre a equipa da casa<\/figcaption><\/figure>\n\n\n\n<p>O Macedense na segunda parte recorreu \u00e0 estrat\u00e9gia do guarda-redes avan\u00e7ado na \u00e1rea ofensiva, pressionando ainda mais o Viseu 2001. Esta press\u00e3o surgiu efeito porque aos 32 minutos Richie sobe a vantagem da equipa macedense, ficando com tr\u00eas golos de diferen\u00e7a, para os advers\u00e1rios.<\/p>\n\n\n\n<p>Kilmer aos 37 minutos marca o sexto golo. E j\u00e1 nos segundos finais da partida (16 segundos), Pedro Miguel reduz mais uma vez a dist\u00e2ncia no marcador, fixando o resultado nos 6-3.<\/p>\n","protected":false},"excerpt":{"rendered":"<p>O Viseu 2001\/Pal\u00e1cio do Gelo venceu o Macedense por 6-3, este domingo (29), no Pavilh\u00e3o da Cidade de Viseu. Com<\/p>\n","protected":false},"author":33,"featured_media":16360,"comment_status":"open","ping_status":"open","sticky":false,"template":"","format":"standard","meta":[],"categories":[13],"tags":[787,4321,1526,3915],"_links":{"self":[{"href":"https:\/\/www1.esev.ipv.pt\/dacomunicacao\/index.php?rest_route=\/wp\/v2\/posts\/16357"}],"collection":[{"href":"https:\/\/www1.esev.ipv.pt\/dacomunicacao\/index.php?rest_route=\/wp\/v2\/posts"}],"about":[{"href":"https:\/\/www1.esev.ipv.pt\/dacomunicacao\/index.php?rest_route=\/wp\/v2\/types\/post"}],"author":[{"embeddable":true,"href":"https:\/\/www1.esev.ipv.pt\/dacomunicacao\/index.php?rest_route=\/wp\/v2\/users\/33"}],"replies":[{"embeddable":true,"href":"https:\/\/www1.esev.ipv.pt\/dacomunicacao\/index.php?rest_route=%2Fwp%2Fv2%2Fcomments&post=16357"}],"version-history":[{"count":2,"href":"https:\/\/www1.esev.ipv.pt\/dacomunicacao\/index.php?rest_route=\/wp\/v2\/posts\/16357\/revisions"}],"predecessor-version":[{"id":16362,"href":"https:\/\/www1.esev.ipv.pt\/dacomunicacao\/index.php?rest_route=\/wp\/v2\/posts\/16357\/revisions\/16362"}],"wp:featuredmedia":[{"embeddable":true,"href":"https:\/\/www1.esev.ipv.pt\/dacomunicacao\/index.php?rest_route=\/wp\/v2\/media\/16360"}],"wp:attachment":[{"href":"https:\/\/www1.esev.ipv.pt\/dacomunicacao\/index.php?rest_route=%2Fwp%2Fv2%2Fmedia&parent=16357"}],"wp:term":[{"taxonomy":"category","embeddable":true,"href":"https:\/\/www1.esev.ipv.pt\/dacomunicacao\/index.php?rest_route=%2Fwp%2Fv2%2Fcategories&post=16357"},{"taxonomy":"post_tag","embeddable":true,"href":"https:\/\/www1.esev.ipv.pt\/dacomunicacao\/index.php?rest_route=%2Fwp%2Fv2%2Ftags&post=16357"}],"curies":[{"name":"wp","href":"https:\/\/api.w.org\/{rel}","templated":true}]}}