{"id":16054,"date":"2022-10-07T08:08:22","date_gmt":"2022-10-07T08:08:22","guid":{"rendered":"https:\/\/www.esev.ipv.pt\/dacomunicacao\/?p=16054"},"modified":"2022-10-07T08:08:25","modified_gmt":"2022-10-07T08:08:25","slug":"banda-filarmonica-com-mais-de-cem-anos-e-destaque-do-festival-jazz-ao-centro","status":"publish","type":"post","link":"https:\/\/www1.esev.ipv.pt\/dacomunicacao\/?p=16054","title":{"rendered":"Banda Filarm\u00f3nica com mais de cem anos \u00e9 destaque do Festival Jazz ao Centro"},"content":{"rendered":"\n<p><strong><em>A Filarm\u00f3nica Uni\u00e3o Taveirense apresenta-se no domingo, 23 de outubro, \u00e0s 18h00 no Grande Audit\u00f3rio do Convento S\u00e3o Francisco em Coimbra, juntamente com M\u00e1rio Laginha, no \u00e2mbito da 20\u00aa Edi\u00e7\u00e3o do Festival Jazz ao Centro.<\/em><\/strong><\/p>\n\n\n\n<p><strong>Por Raquel Ferreira<\/strong><\/p>\n\n\n\n<p>O pianista e compositor em companhia da Banda Sinf\u00f3nica da FUT dirigida pelo maestro<a> <\/a>Jo\u00e3o Paulo Fernandes, garantem um concerto com regress\u00e3o aos formatos convencionais da m\u00fasica europeia ocidental. M\u00e1rio Laginha j\u00e1 havia feito uma declara\u00e7\u00e3o sobre suas composi\u00e7\u00f5es no passado, afirmando que as suas influ\u00eancias \u201cpassam por muitos dos compositores\u201d, mas tamb\u00e9m pelo jazz, m\u00fasica \u00e9tnica, etc.<\/p>\n\n\n\n<p>No Festival Jazz ao Centro, o \u2018Concerto para piano e orquestra\u2019 ter\u00e1 bilhetes vendidos a corresponder as \u00e1reas escolhidas para assisti-lo. As Cadeiras de Orquestra e 1.\u00aa Plateia ter\u00e3o o bilhete geral por 10,00\u20ac. J\u00e1 para a 2\u00aa Plateia e o Balc\u00e3o, o bilhete geral ter\u00e1 o valor de 8,00\u20ac. Estudantes, maiores de 65, grupos com m\u00ednimo de dez pessoas, desempregados e profissionais das artes performativas e de m\u00fasica, ter\u00e3o o bilhete por menos 2,00\u20ac.<\/p>\n\n\n\n<p>Esta \u00e9 a 20.\u00aa edi\u00e7\u00e3o do Festival Jazz ao Centro, conhecido primeiramente por \u2018Encontros Internacionais de Jazz de Coimbra\u2019. Este ano, o festival come\u00e7ou a 22 de setembro e decorre at\u00e9 23 de outubro e apresentar\u00e1 um cartaz que conta com mais de 11 concertos que ir\u00e3o decorrer em sete espa\u00e7os diferentes do distrito, como a Casa das Artes Bissaya Barreto, o Museu Nacional Machado de Castro, o Sal\u00e3o Brazil, entre outros espa\u00e7os da cidade de Coimbra.<\/p>\n","protected":false},"excerpt":{"rendered":"<p>A Filarm\u00f3nica Uni\u00e3o Taveirense apresenta-se no domingo, 23 de outubro, \u00e0s 18h00 no Grande Audit\u00f3rio do Convento S\u00e3o Francisco em Coimbra, juntamente com M\u00e1rio Laginha, no \u00e2mbito da 20\u00aa Edi\u00e7\u00e3o do Festival Jazz ao Centro.<\/p>\n","protected":false},"author":4,"featured_media":16055,"comment_status":"open","ping_status":"open","sticky":false,"template":"","format":"standard","meta":[],"categories":[15],"tags":[4270,4269],"_links":{"self":[{"href":"https:\/\/www1.esev.ipv.pt\/dacomunicacao\/index.php?rest_route=\/wp\/v2\/posts\/16054"}],"collection":[{"href":"https:\/\/www1.esev.ipv.pt\/dacomunicacao\/index.php?rest_route=\/wp\/v2\/posts"}],"about":[{"href":"https:\/\/www1.esev.ipv.pt\/dacomunicacao\/index.php?rest_route=\/wp\/v2\/types\/post"}],"author":[{"embeddable":true,"href":"https:\/\/www1.esev.ipv.pt\/dacomunicacao\/index.php?rest_route=\/wp\/v2\/users\/4"}],"replies":[{"embeddable":true,"href":"https:\/\/www1.esev.ipv.pt\/dacomunicacao\/index.php?rest_route=%2Fwp%2Fv2%2Fcomments&post=16054"}],"version-history":[{"count":2,"href":"https:\/\/www1.esev.ipv.pt\/dacomunicacao\/index.php?rest_route=\/wp\/v2\/posts\/16054\/revisions"}],"predecessor-version":[{"id":16059,"href":"https:\/\/www1.esev.ipv.pt\/dacomunicacao\/index.php?rest_route=\/wp\/v2\/posts\/16054\/revisions\/16059"}],"wp:featuredmedia":[{"embeddable":true,"href":"https:\/\/www1.esev.ipv.pt\/dacomunicacao\/index.php?rest_route=\/wp\/v2\/media\/16055"}],"wp:attachment":[{"href":"https:\/\/www1.esev.ipv.pt\/dacomunicacao\/index.php?rest_route=%2Fwp%2Fv2%2Fmedia&parent=16054"}],"wp:term":[{"taxonomy":"category","embeddable":true,"href":"https:\/\/www1.esev.ipv.pt\/dacomunicacao\/index.php?rest_route=%2Fwp%2Fv2%2Fcategories&post=16054"},{"taxonomy":"post_tag","embeddable":true,"href":"https:\/\/www1.esev.ipv.pt\/dacomunicacao\/index.php?rest_route=%2Fwp%2Fv2%2Ftags&post=16054"}],"curies":[{"name":"wp","href":"https:\/\/api.w.org\/{rel}","templated":true}]}}