{"id":1605,"date":"2017-11-22T14:50:55","date_gmt":"2017-11-22T14:50:55","guid":{"rendered":"http:\/\/www.esev.ipv.pt\/dacomunicacao\/?p=1605"},"modified":"2017-11-22T14:50:56","modified_gmt":"2017-11-22T14:50:56","slug":"sporting-goleia-hc-turquel-e-garante-o-seu-lugar-no-topo","status":"publish","type":"post","link":"https:\/\/www1.esev.ipv.pt\/dacomunicacao\/?p=1605","title":{"rendered":"Sporting goleia HC Turquel e garante o seu lugar no topo"},"content":{"rendered":"<p><img loading=\"lazy\" class=\"alignnone size-medium wp-image-1606\" src=\"http:\/\/www.esev.ipv.pt\/dacomunicacao\/wp-content\/uploads\/2017\/11\/sporting-300x200.jpg\" alt=\"\" width=\"300\" height=\"200\" srcset=\"https:\/\/www1.esev.ipv.pt\/dacomunicacao\/wp-content\/uploads\/2017\/11\/sporting-300x200.jpg 300w, https:\/\/www1.esev.ipv.pt\/dacomunicacao\/wp-content\/uploads\/2017\/11\/sporting.jpg 425w\" sizes=\"(max-width: 300px) 100vw, 300px\" \/><\/p>\n<p>O Sporting CP recebeu o HC Turquel no Pavilh\u00e3o Jo\u00e3o Rocha em Lisboa, para a 5\u00aa jornada do campeonato nacional de h\u00f3quei em patins.<\/p>\n<p>O jogo teve um in\u00edcio equilibrado, mas\u00a0ap\u00f3s alguns minutos foram os le\u00f5es que assumiram o jogo e criaram v\u00e1rias oportunidades para poderem marcar. O Turquel jogou no contra-ataque, tendo tamb\u00e9m diversas oportunidades para inaugurar o marcador.<\/p>\n<p>A 18 minutos de terminara primeira parte do jogo, o treinador do Sporting CP, Paulo Freitas, pede um desconto de tempo para falar com os seus jogadores acerca de estrat\u00e9gias de jogo. O t\u00e9cnico pede que a sua equipa jogue no limite das suas compet\u00eancias.<\/p>\n<p>Na segunda parte do jogo, nota-se claramente que \u00e9 a equipa leonina que domina o jogo.<\/p>\n<p>Os jogadores leoninos que marcaram os golos foram Jo\u00e3o Pinto (2), Vitor Hugo (2), Matias Platero, Pedro Gil e Henrique Magalh\u00e3es. Do lado do Turquel, foi Tiago Mateus que marcou o \u00fanico golo da equipa.<\/p>\n<p>Terminou assim a partida, com vit\u00f3ria do Sporting CP por 7-1 contra o Turquel, assegurando assim mais 3 pontos para a equipa de Paulo Freita, podendo assim continuar no topo da tabela classificativa da 1\u00ba divis\u00e3o.<\/p>\n<p>Salienta-se ainda, o 1 minuto de sil\u00eancio feito no in\u00edcio da partida em mem\u00f3ria de Jos\u00e9 Maria Roque Lino, antigo vice-presidente do Sporting CP e de Ana Rita, uma jovem associada do clube. Antes do in\u00edcio do jogo, os capit\u00e3es da equipa leonina tamb\u00e9m j\u00e1 se tinham dirigido \u00e0 banca junto da fam\u00edlia de Ana Rita para entregar uma coroa de flores e apresentar as suas condol\u00eancias.<\/p>\n<p>&nbsp;<\/p>\n<p><strong>Texto: Sara Fernandes\u00a0<\/strong><\/p>\n<p><strong>Imagem: Sporting<\/strong><\/p>\n","protected":false},"excerpt":{"rendered":"<p>O Sporting CP recebeu o HC Turquel no Pavilh\u00e3o Jo\u00e3o Rocha em Lisboa, para a 5\u00aa jornada do campeonato nacional<\/p>\n","protected":false},"author":4,"featured_media":1606,"comment_status":"open","ping_status":"open","sticky":false,"template":"","format":"standard","meta":[],"categories":[13],"tags":[505,19,504],"_links":{"self":[{"href":"https:\/\/www1.esev.ipv.pt\/dacomunicacao\/index.php?rest_route=\/wp\/v2\/posts\/1605"}],"collection":[{"href":"https:\/\/www1.esev.ipv.pt\/dacomunicacao\/index.php?rest_route=\/wp\/v2\/posts"}],"about":[{"href":"https:\/\/www1.esev.ipv.pt\/dacomunicacao\/index.php?rest_route=\/wp\/v2\/types\/post"}],"author":[{"embeddable":true,"href":"https:\/\/www1.esev.ipv.pt\/dacomunicacao\/index.php?rest_route=\/wp\/v2\/users\/4"}],"replies":[{"embeddable":true,"href":"https:\/\/www1.esev.ipv.pt\/dacomunicacao\/index.php?rest_route=%2Fwp%2Fv2%2Fcomments&post=1605"}],"version-history":[{"count":1,"href":"https:\/\/www1.esev.ipv.pt\/dacomunicacao\/index.php?rest_route=\/wp\/v2\/posts\/1605\/revisions"}],"predecessor-version":[{"id":1607,"href":"https:\/\/www1.esev.ipv.pt\/dacomunicacao\/index.php?rest_route=\/wp\/v2\/posts\/1605\/revisions\/1607"}],"wp:featuredmedia":[{"embeddable":true,"href":"https:\/\/www1.esev.ipv.pt\/dacomunicacao\/index.php?rest_route=\/wp\/v2\/media\/1606"}],"wp:attachment":[{"href":"https:\/\/www1.esev.ipv.pt\/dacomunicacao\/index.php?rest_route=%2Fwp%2Fv2%2Fmedia&parent=1605"}],"wp:term":[{"taxonomy":"category","embeddable":true,"href":"https:\/\/www1.esev.ipv.pt\/dacomunicacao\/index.php?rest_route=%2Fwp%2Fv2%2Fcategories&post=1605"},{"taxonomy":"post_tag","embeddable":true,"href":"https:\/\/www1.esev.ipv.pt\/dacomunicacao\/index.php?rest_route=%2Fwp%2Fv2%2Ftags&post=1605"}],"curies":[{"name":"wp","href":"https:\/\/api.w.org\/{rel}","templated":true}]}}